{"id":951,"date":"2010-10-13T07:49:41","date_gmt":"2010-10-13T06:49:41","guid":{"rendered":"http:\/\/www.wir-in-winden.de\/?p=951"},"modified":"2010-10-12T20:52:25","modified_gmt":"2010-10-12T19:52:25","slug":"daniel-linscheid-ist-windens-neuer-schutzenkonig","status":"publish","type":"post","link":"https:\/\/www.wir-in-winden.de\/?p=951","title":{"rendered":"Daniel Linscheid ist Windens neuer Sch\u00fctzenk\u00f6nig"},"content":{"rendered":"<div id=\"attachment_953\" style=\"width: 315px\" class=\"wp-caption alignright\"><a href=\"http:\/\/www.wir-in-winden.de\/wp-content\/uploads\/2010\/10\/k\u00f6nigwinden2.jpg\"><img loading=\"lazy\" decoding=\"async\" aria-describedby=\"caption-attachment-953\" class=\"size-full wp-image-953 \" title=\"k\u00f6nigwinden2\" src=\"http:\/\/www.wir-in-winden.de\/wp-content\/uploads\/2010\/10\/k\u00f6nigwinden2.jpg\" alt=\"\" width=\"305\" height=\"302\" srcset=\"https:\/\/www.wir-in-winden.de\/wp-content\/uploads\/2010\/10\/k\u00f6nigwinden2.jpg 921w, https:\/\/www.wir-in-winden.de\/wp-content\/uploads\/2010\/10\/k\u00f6nigwinden2-150x150.jpg 150w, https:\/\/www.wir-in-winden.de\/wp-content\/uploads\/2010\/10\/k\u00f6nigwinden2-300x298.jpg 300w\" sizes=\"auto, (max-width: 305px) 100vw, 305px\" \/><\/a><p id=\"caption-attachment-953\" class=\"wp-caption-text\"><em>Sch\u00fctzenk\u00f6nig Daniel Linscheid (re.) und Jugendsch\u00fctzenk\u00f6nig Silas Dennebaum. Foto: Heinz Heller<\/em><\/p><\/div>\n<p><strong>Daniel Linscheid<\/strong> ist neuer Sch\u00fctzenk\u00f6nig 2010 der <strong>Sch\u00fctzengesellschaft Winden<\/strong>. Aus dem K\u00f6nigsschie\u00dfen des Vereins im Sch\u00fctzenhaus Winden ging er als Sieger hervor. Zuvor war der Sperrholzvogel bei einem geselligen Beisammensein drei Stunden lang auf der 50-Meter-Bahn unter Beschuss genommen worden. Nachdem der Vogel schon schwer gestutzt war, fiel er dann endlich mit einem Schuss von Daniel Linscheid von der Stange. Aber auch die Jugendlichen des Vereins ermittelten an diesem Abend ihren K\u00f6nig.\u00a0 Auf der Zehn-Meter-Luftgewehrbahn schoss der Vereinsnachwuchs auf einen nicht ganz so gro\u00dfen Vogel. Der stolze Sieger hie\u00df schlie\u00dflich <strong>Silas Dennebaum<\/strong>.<\/p>\n<p>Wer einmal bei den Windener Sch\u00fctzen unverbindlich reinschnuppern m\u00f6chte, kann dies w\u00e4hrend des w\u00f6chentlichen Trainings jeden Donnerstag ab 20 Uhr tun. Dann kann auch schon wieder flei\u00dfig f\u00fcr den Sommerbiathlon 2011 ge\u00fcbt werden. Also: Einfach donnerstags vorbeikommen; der Sch\u00fctzenverein freut sich \u00fcber jeden Besucher.<\/p>\n","protected":false},"excerpt":{"rendered":"<p>Daniel Linscheid ist neuer Sch\u00fctzenk\u00f6nig 2010 der Sch\u00fctzengesellschaft Winden. Aus dem K\u00f6nigsschie\u00dfen des Vereins im Sch\u00fctzenhaus Winden ging er als Sieger hervor. Zuvor war der Sperrholzvogel bei einem geselligen Beisammensein drei Stunden lang auf der 50-Meter-Bahn unter Beschuss genommen worden. Nachdem der Vogel schon schwer gestutzt war, fiel er dann endlich mit einem Schuss von [&hellip;]<\/p>\n","protected":false},"author":1,"featured_media":0,"comment_status":"open","ping_status":"open","sticky":false,"template":"","format":"standard","meta":{"footnotes":""},"categories":[20],"tags":[],"class_list":["post-951","post","type-post","status-publish","format-standard","hentry","category-schutzengesellschaft"],"_links":{"self":[{"href":"https:\/\/www.wir-in-winden.de\/index.php?rest_route=\/wp\/v2\/posts\/951","targetHints":{"allow":["GET"]}}],"collection":[{"href":"https:\/\/www.wir-in-winden.de\/index.php?rest_route=\/wp\/v2\/posts"}],"about":[{"href":"https:\/\/www.wir-in-winden.de\/index.php?rest_route=\/wp\/v2\/types\/post"}],"author":[{"embeddable":true,"href":"https:\/\/www.wir-in-winden.de\/index.php?rest_route=\/wp\/v2\/users\/1"}],"replies":[{"embeddable":true,"href":"https:\/\/www.wir-in-winden.de\/index.php?rest_route=%2Fwp%2Fv2%2Fcomments&post=951"}],"version-history":[{"count":4,"href":"https:\/\/www.wir-in-winden.de\/index.php?rest_route=\/wp\/v2\/posts\/951\/revisions"}],"predecessor-version":[{"id":956,"href":"https:\/\/www.wir-in-winden.de\/index.php?rest_route=\/wp\/v2\/posts\/951\/revisions\/956"}],"wp:attachment":[{"href":"https:\/\/www.wir-in-winden.de\/index.php?rest_route=%2Fwp%2Fv2%2Fmedia&parent=951"}],"wp:term":[{"taxonomy":"category","embeddable":true,"href":"https:\/\/www.wir-in-winden.de\/index.php?rest_route=%2Fwp%2Fv2%2Fcategories&post=951"},{"taxonomy":"post_tag","embeddable":true,"href":"https:\/\/www.wir-in-winden.de\/index.php?rest_route=%2Fwp%2Fv2%2Ftags&post=951"}],"curies":[{"name":"wp","href":"https:\/\/api.w.org\/{rel}","templated":true}]}}