{"id":941,"date":"2010-10-13T00:15:54","date_gmt":"2010-10-12T23:15:54","guid":{"rendered":"http:\/\/www.wir-in-winden.de\/?p=941"},"modified":"2010-10-12T06:16:22","modified_gmt":"2010-10-12T05:16:22","slug":"bauarbeiten-am-alten-wasserhaus-starten-bald","status":"publish","type":"post","link":"https:\/\/www.wir-in-winden.de\/?p=941","title":{"rendered":"Bauarbeiten &#8222;Am alten Wasserhaus&#8220; starten bald"},"content":{"rendered":"<p><a href=\"http:\/\/www.wir-in-winden.de\/wp-content\/uploads\/2010\/10\/baustellenbesprechung.jpg\"><img loading=\"lazy\" decoding=\"async\" class=\"size-full wp-image-943 alignright\" title=\"baustellenbesprechung\" src=\"http:\/\/www.wir-in-winden.de\/wp-content\/uploads\/2010\/10\/baustellenbesprechung.jpg\" alt=\"\" width=\"301\" height=\"225\" srcset=\"https:\/\/www.wir-in-winden.de\/wp-content\/uploads\/2010\/10\/baustellenbesprechung.jpg 921w, https:\/\/www.wir-in-winden.de\/wp-content\/uploads\/2010\/10\/baustellenbesprechung-300x224.jpg 300w\" sizes=\"auto, (max-width: 301px) 100vw, 301px\" \/><\/a><\/p>\n<p>Zu einer Baustellenbesprechung in der Stra\u00dfe<strong> \u201eAm alten Wasserhaus\u201c<\/strong> haben sich\u00a0 am Montagmorgen Planer, Werkeleitung, Unternehmer, Anlieger, ein Vertreter der Energieunternehmen und <strong>Ortsb\u00fcrgermeister Gebhard Linscheid <\/strong>getroffen. Bereits am <strong>Montag, 25. Oktober,<\/strong> soll mit der Einrichtung der Baustelle begonnen werden, hie\u00df es.\u00a0 Anschlie\u00dfend wird die Mauer abgerissen und danach der Graben f\u00fcr die Zuleitung des Wassers aus dem Sonntagsborn sowie die Wasserleitungen f\u00fcr die Anlieger gegraben. In diesen Graben werden aber auch die Gasleitung und die Stromversorgungskabel hineingelegt. Wie Linscheid erkl\u00e4rte, sei ihm die Beteiligung und rechtzeitige Information der Anwohner sehr wichtig gewesen.<\/p>\n","protected":false},"excerpt":{"rendered":"<p>Zu einer Baustellenbesprechung in der Stra\u00dfe \u201eAm alten Wasserhaus\u201c haben sich\u00a0 am Montagmorgen Planer, Werkeleitung, Unternehmer, Anlieger, ein Vertreter der Energieunternehmen und Ortsb\u00fcrgermeister Gebhard Linscheid getroffen. Bereits am Montag, 25. Oktober, soll mit der Einrichtung der Baustelle begonnen werden, hie\u00df es.\u00a0 Anschlie\u00dfend wird die Mauer abgerissen und danach der Graben f\u00fcr die Zuleitung des Wassers [&hellip;]<\/p>\n","protected":false},"author":1,"featured_media":0,"comment_status":"open","ping_status":"open","sticky":false,"template":"","format":"standard","meta":{"footnotes":""},"categories":[17],"tags":[],"class_list":["post-941","post","type-post","status-publish","format-standard","hentry","category-strasenausbau"],"_links":{"self":[{"href":"https:\/\/www.wir-in-winden.de\/index.php?rest_route=\/wp\/v2\/posts\/941","targetHints":{"allow":["GET"]}}],"collection":[{"href":"https:\/\/www.wir-in-winden.de\/index.php?rest_route=\/wp\/v2\/posts"}],"about":[{"href":"https:\/\/www.wir-in-winden.de\/index.php?rest_route=\/wp\/v2\/types\/post"}],"author":[{"embeddable":true,"href":"https:\/\/www.wir-in-winden.de\/index.php?rest_route=\/wp\/v2\/users\/1"}],"replies":[{"embeddable":true,"href":"https:\/\/www.wir-in-winden.de\/index.php?rest_route=%2Fwp%2Fv2%2Fcomments&post=941"}],"version-history":[{"count":4,"href":"https:\/\/www.wir-in-winden.de\/index.php?rest_route=\/wp\/v2\/posts\/941\/revisions"}],"predecessor-version":[{"id":950,"href":"https:\/\/www.wir-in-winden.de\/index.php?rest_route=\/wp\/v2\/posts\/941\/revisions\/950"}],"wp:attachment":[{"href":"https:\/\/www.wir-in-winden.de\/index.php?rest_route=%2Fwp%2Fv2%2Fmedia&parent=941"}],"wp:term":[{"taxonomy":"category","embeddable":true,"href":"https:\/\/www.wir-in-winden.de\/index.php?rest_route=%2Fwp%2Fv2%2Fcategories&post=941"},{"taxonomy":"post_tag","embeddable":true,"href":"https:\/\/www.wir-in-winden.de\/index.php?rest_route=%2Fwp%2Fv2%2Ftags&post=941"}],"curies":[{"name":"wp","href":"https:\/\/api.w.org\/{rel}","templated":true}]}}