{"id":8727,"date":"2018-12-01T17:46:01","date_gmt":"2018-12-01T15:46:01","guid":{"rendered":"http:\/\/www.wir-in-winden.de\/?p=8727"},"modified":"2018-12-01T17:50:35","modified_gmt":"2018-12-01T15:50:35","slug":"ehrenurkunde-fuer-gebhard-linscheid","status":"publish","type":"post","link":"https:\/\/www.wir-in-winden.de\/?p=8727","title":{"rendered":"Ehrenurkunde f\u00fcr Gebhard Linscheid"},"content":{"rendered":"<p><a href=\"http:\/\/www.wir-in-winden.de\/wp-content\/uploads\/2018\/12\/KOKU2701.jpg\"><img loading=\"lazy\" decoding=\"async\" class=\"alignnone wp-image-8728\" src=\"http:\/\/www.wir-in-winden.de\/wp-content\/uploads\/2018\/12\/KOKU2701.jpg\" alt=\"KOKU2701\" width=\"500\" height=\"279\" srcset=\"https:\/\/www.wir-in-winden.de\/wp-content\/uploads\/2018\/12\/KOKU2701.jpg 1691w, https:\/\/www.wir-in-winden.de\/wp-content\/uploads\/2018\/12\/KOKU2701-300x168.jpg 300w, https:\/\/www.wir-in-winden.de\/wp-content\/uploads\/2018\/12\/KOKU2701-1024x572.jpg 1024w\" sizes=\"auto, (max-width: 500px) 100vw, 500px\" \/><\/a><\/p>\n<p>Seit 25 Jahren ist der Windener Ortsb\u00fcrgermeister <strong>Gebhard Linscheid<\/strong> (3. von rechts) ehrenamtlich kommunalpolitisch t\u00e4tig. Daf\u00fcr wurde er w\u00e4hrend der letzten Verbandsgemeinderatssitzung der VG Nassau mit einer Ehrenurkunde des Gemeinde- und St\u00e4dtebundes ausgezeichnet.<\/p>\n<p>Gebhard Linscheid (CDU) war von 1994 bis 2004 Mitglied des Gemeinderats Winden. Seit dem Jahr 2000 sitzt er im Verbandsgemeinderat Nassau, seit 2004 ist er au\u00dferdem Ortsb\u00fcrgermeister der Ortsgemeinde Winden.<\/p>\n<p>W\u00e4hrend der Sitzung des Verbandsgemeinderats wurden neben Linscheid zehn weitere Ratsmitglieder gew\u00fcrdigt. Alle elf Ratsmitglieder haben zusammen 250 Jahre kommunalpolitische Ratsarbeit ehrenamtlich f\u00fcr das Allgemeinwohl geleistet.<\/p>\n","protected":false},"excerpt":{"rendered":"<p>Seit 25 Jahren ist der Windener Ortsb\u00fcrgermeister Gebhard Linscheid (3. von rechts) ehrenamtlich kommunalpolitisch t\u00e4tig. Daf\u00fcr wurde er w\u00e4hrend der letzten Verbandsgemeinderatssitzung der VG Nassau mit einer Ehrenurkunde des Gemeinde- und St\u00e4dtebundes ausgezeichnet. Gebhard Linscheid (CDU) war von 1994 bis 2004 Mitglied des Gemeinderats Winden. Seit dem Jahr 2000 sitzt er im Verbandsgemeinderat Nassau, seit [&hellip;]<\/p>\n","protected":false},"author":1,"featured_media":0,"comment_status":"open","ping_status":"open","sticky":false,"template":"","format":"standard","meta":{"footnotes":""},"categories":[4,62],"tags":[],"class_list":["post-8727","post","type-post","status-publish","format-standard","hentry","category-burgermeister","category-wir-gratulieren"],"_links":{"self":[{"href":"https:\/\/www.wir-in-winden.de\/index.php?rest_route=\/wp\/v2\/posts\/8727","targetHints":{"allow":["GET"]}}],"collection":[{"href":"https:\/\/www.wir-in-winden.de\/index.php?rest_route=\/wp\/v2\/posts"}],"about":[{"href":"https:\/\/www.wir-in-winden.de\/index.php?rest_route=\/wp\/v2\/types\/post"}],"author":[{"embeddable":true,"href":"https:\/\/www.wir-in-winden.de\/index.php?rest_route=\/wp\/v2\/users\/1"}],"replies":[{"embeddable":true,"href":"https:\/\/www.wir-in-winden.de\/index.php?rest_route=%2Fwp%2Fv2%2Fcomments&post=8727"}],"version-history":[{"count":2,"href":"https:\/\/www.wir-in-winden.de\/index.php?rest_route=\/wp\/v2\/posts\/8727\/revisions"}],"predecessor-version":[{"id":8730,"href":"https:\/\/www.wir-in-winden.de\/index.php?rest_route=\/wp\/v2\/posts\/8727\/revisions\/8730"}],"wp:attachment":[{"href":"https:\/\/www.wir-in-winden.de\/index.php?rest_route=%2Fwp%2Fv2%2Fmedia&parent=8727"}],"wp:term":[{"taxonomy":"category","embeddable":true,"href":"https:\/\/www.wir-in-winden.de\/index.php?rest_route=%2Fwp%2Fv2%2Fcategories&post=8727"},{"taxonomy":"post_tag","embeddable":true,"href":"https:\/\/www.wir-in-winden.de\/index.php?rest_route=%2Fwp%2Fv2%2Ftags&post=8727"}],"curies":[{"name":"wp","href":"https:\/\/api.w.org\/{rel}","templated":true}]}}