{"id":847,"date":"2010-10-01T00:20:32","date_gmt":"2010-09-30T23:20:32","guid":{"rendered":"http:\/\/www.wir-in-winden.de\/?p=847"},"modified":"2010-10-03T20:59:31","modified_gmt":"2010-10-03T19:59:31","slug":"skat-dreschen-mit-der-feuerwehr","status":"publish","type":"post","link":"https:\/\/www.wir-in-winden.de\/?p=847","title":{"rendered":"Skat dreschen mit der Feuerwehr"},"content":{"rendered":"<p><a rel=\"attachment wp-att-852\" href=\"http:\/\/www.wir-in-winden.de\/?attachment_id=852\"><img loading=\"lazy\" decoding=\"async\" class=\"alignnone size-full wp-image-852\" title=\"Plakat Preisskat 2010\" src=\"http:\/\/www.wir-in-winden.de\/wp-content\/uploads\/2010\/10\/Plakat-Preisskat-2010.jpg\" alt=\"\" width=\"501\" height=\"693\" srcset=\"https:\/\/www.wir-in-winden.de\/wp-content\/uploads\/2010\/10\/Plakat-Preisskat-2010.jpg 921w, https:\/\/www.wir-in-winden.de\/wp-content\/uploads\/2010\/10\/Plakat-Preisskat-2010-217x300.jpg 217w, https:\/\/www.wir-in-winden.de\/wp-content\/uploads\/2010\/10\/Plakat-Preisskat-2010-741x1024.jpg 741w\" sizes=\"auto, (max-width: 501px) 100vw, 501px\" \/><\/a><\/p>\n<p>Der<strong> F\u00f6rderverein der Freiwilligen Feuerwehr Winden 1926<\/strong> l\u00e4dt ein zum Preisskat am<strong> Freitag, 22. Oktober, um 19.30 Uhr<\/strong> im<strong> Pfarrheim Winden<\/strong>. Den Siegern winken attraktive Preise: Als erster Preis sind 75 Euro ausgelobt, als zweiter Preis 50 und als dritter Preis 25 Euro. Das Startgeld betr\u00e4gt 5,50 Euro. Gespielt wird au\u00dferdem &#8222;Bauer&#8220;; das Startgeld hierf\u00fcr betr\u00e4gt 3,50 Euro.<\/p>\n","protected":false},"excerpt":{"rendered":"<p>Der F\u00f6rderverein der Freiwilligen Feuerwehr Winden 1926 l\u00e4dt ein zum Preisskat am Freitag, 22. Oktober, um 19.30 Uhr im Pfarrheim Winden. Den Siegern winken attraktive Preise: Als erster Preis sind 75 Euro ausgelobt, als zweiter Preis 50 und als dritter Preis 25 Euro. Das Startgeld betr\u00e4gt 5,50 Euro. Gespielt wird au\u00dferdem &#8222;Bauer&#8220;; das Startgeld hierf\u00fcr [&hellip;]<\/p>\n","protected":false},"author":1,"featured_media":0,"comment_status":"open","ping_status":"open","sticky":false,"template":"","format":"standard","meta":{"footnotes":""},"categories":[9],"tags":[],"class_list":["post-847","post","type-post","status-publish","format-standard","hentry","category-feuerwehr"],"_links":{"self":[{"href":"https:\/\/www.wir-in-winden.de\/index.php?rest_route=\/wp\/v2\/posts\/847","targetHints":{"allow":["GET"]}}],"collection":[{"href":"https:\/\/www.wir-in-winden.de\/index.php?rest_route=\/wp\/v2\/posts"}],"about":[{"href":"https:\/\/www.wir-in-winden.de\/index.php?rest_route=\/wp\/v2\/types\/post"}],"author":[{"embeddable":true,"href":"https:\/\/www.wir-in-winden.de\/index.php?rest_route=\/wp\/v2\/users\/1"}],"replies":[{"embeddable":true,"href":"https:\/\/www.wir-in-winden.de\/index.php?rest_route=%2Fwp%2Fv2%2Fcomments&post=847"}],"version-history":[{"count":4,"href":"https:\/\/www.wir-in-winden.de\/index.php?rest_route=\/wp\/v2\/posts\/847\/revisions"}],"predecessor-version":[{"id":854,"href":"https:\/\/www.wir-in-winden.de\/index.php?rest_route=\/wp\/v2\/posts\/847\/revisions\/854"}],"wp:attachment":[{"href":"https:\/\/www.wir-in-winden.de\/index.php?rest_route=%2Fwp%2Fv2%2Fmedia&parent=847"}],"wp:term":[{"taxonomy":"category","embeddable":true,"href":"https:\/\/www.wir-in-winden.de\/index.php?rest_route=%2Fwp%2Fv2%2Fcategories&post=847"},{"taxonomy":"post_tag","embeddable":true,"href":"https:\/\/www.wir-in-winden.de\/index.php?rest_route=%2Fwp%2Fv2%2Ftags&post=847"}],"curies":[{"name":"wp","href":"https:\/\/api.w.org\/{rel}","templated":true}]}}