{"id":8145,"date":"2018-01-09T09:01:14","date_gmt":"2018-01-09T07:01:14","guid":{"rendered":"http:\/\/www.wir-in-winden.de\/?p=8145"},"modified":"2018-01-09T09:10:53","modified_gmt":"2018-01-09T07:10:53","slug":"gemeinderat-unzufrieden-mit-forstamt-lahnstein","status":"publish","type":"post","link":"https:\/\/www.wir-in-winden.de\/?p=8145","title":{"rendered":"Gemeinderat unzufrieden mit Forstamt Lahnstein"},"content":{"rendered":"<p>W\u00e4hrend der j\u00fcngsten Sitzung des Gemeinderats ist deutliche Kritik an den Leistungen des <strong>Forstamts Lahnstein<\/strong> ge\u00fcbt worden. Unzufrieden zeigte sich der Rat zum einen mit der Besetzung der Stelle des Revierf\u00f6rsters, aber auch mit der H\u00f6he der erzielten \u00dcbersch\u00fcsse.<\/p>\n<p>So \u00e4u\u00dferten mehrere Ratsmitglieder Unverst\u00e4ndnis dar\u00fcber, dass\u00a0<strong>Jonas Fr\u00f6hlich<\/strong>\u00a0vom Forstamt Lahnstein f\u00fcr nur vier Wochen in der Nachfolge von <strong>Jochen Hartmann<\/strong> als neuer Revierf\u00f6rster f\u00fcr Winden beauftragt worden ist, diesen Posten aber\u00a0 schon im Januar 2018 an seinen Nachfolger <strong>Janz<\/strong> abgegeben soll.\u00a0Sie bezweifelten, dass eine ordentliche \u00dcbergabe durch einen F\u00f6rster m\u00f6glich ist, der das Forstrevier nur einen Monat kennt. Fr\u00f6hlich vertrat jedoch die Auffassung, dass er in Zusammenarbeit mit Jochen Hartmann das Forstrevier Winden so beurteilen k\u00f6nne, dass eine \u00dcbergabe an Herrn Janz erfolgen kann.<\/p>\n<p>Ortsb\u00fcrgermeister <strong>Gebhard Linscheid<\/strong> erinnerte daran,\u00a0dass sich der\u00a0<span style=\"font-weight: 400;\">Windener Gemeinderat von seiner vor Jahren getroffenen Entscheidung f\u00fcr eine\u00a0<\/span><span style=\"font-weight: 400;\">staatliche Bef\u00f6rsterung versprochen habe, dass das Forstamt Lahnstein daf\u00fcr sorgt, dass der Revierf\u00f6rster beispielsweise bei Krankheit kompetent vertreten wird. Nach dem Ausscheiden von Revierf\u00f6rster <strong>Bernd Schendel<\/strong> sei die Nachfolgeregelung durch das Forstamt Lahnstein jedoch sehr kritisch zu sehen. Eine kontinuierliche Bef\u00f6rsterung innerhalb des Gemeindewalds Winden sei nicht zu erkennen. Linscheid kritsierte auch den deutlichen R\u00fcckgang der \u00dcbersch\u00fcsse in den vergangenen Jahren. Das 2017 erzielte Plus in H\u00f6he von 105.073 Euro sei zwar erfreulich, sei jedoch immer noch um ein Vielfaches geringer als in den Jahren, als im Gemeindewald eine kontinuierliche Bef\u00f6rsterung stattgefunden habe.<\/span><\/p>\n<p><span style=\"font-weight: 400;\">Auch Ratsmitglied <strong>Mathias Uhle<\/strong> kritisierte das Vorgehen des Forstamtes Lahnstein bei der Neubesetzung des Forstreviers Winden. Mit Blick auf die Gr\u00fcndung der neuen Verbandsgemeinde Bad Ems-Nassau sollte gepr\u00fcft werden, ob nicht doch eine kommunale Bef\u00f6rsterung unter dem Gesichtspunkt von neuen Reviergr\u00f6\u00dfen und Zuschnitten sinnvoll ist. Uhle regte an, dem Forstamt Lahnstein schriftlich die\u00a0Unzufriedenheit des Gemeinderats mit der derzeitigen Situation darzulegen. Der Leiter des Forstamtes <strong>Hans-Leo Cremer<\/strong> soll darin aufgefordert werden, in der n\u00e4chsten Gemeinderatsitzung (am heutigen Dienstag) sich den Fragen der Ratsmitglieder zu stellen und seine Sicht der Dinge darzulegen.<\/span><\/p>\n<p><span style=\"font-weight: 400;\">Ratsmitglied Bernd Schendel bot an, den neuen Revierf\u00f6rster zu unterst\u00fctzen und sich ehrenamtlich innerhalb des Gemeindewaldes zu engagieren. Dem stimmte der einstimmig Rat zu; Schendel soll f\u00fcr seine Leistungen eine Aufwandsentsch\u00e4digung erhalten.\u00a0<\/span><\/p>\n","protected":false},"excerpt":{"rendered":"<p>W\u00e4hrend der j\u00fcngsten Sitzung des Gemeinderats ist deutliche Kritik an den Leistungen des Forstamts Lahnstein ge\u00fcbt worden. Unzufrieden zeigte sich der Rat zum einen mit der Besetzung der Stelle des Revierf\u00f6rsters, aber auch mit der H\u00f6he der erzielten \u00dcbersch\u00fcsse. So \u00e4u\u00dferten mehrere Ratsmitglieder Unverst\u00e4ndnis dar\u00fcber, dass\u00a0Jonas Fr\u00f6hlich\u00a0vom Forstamt Lahnstein f\u00fcr nur vier Wochen in der [&hellip;]<\/p>\n","protected":false},"author":1,"featured_media":0,"comment_status":"open","ping_status":"open","sticky":false,"template":"","format":"standard","meta":{"footnotes":""},"categories":[5,38],"tags":[],"class_list":["post-8145","post","type-post","status-publish","format-standard","hentry","category-gemeinderat","category-wald"],"_links":{"self":[{"href":"https:\/\/www.wir-in-winden.de\/index.php?rest_route=\/wp\/v2\/posts\/8145","targetHints":{"allow":["GET"]}}],"collection":[{"href":"https:\/\/www.wir-in-winden.de\/index.php?rest_route=\/wp\/v2\/posts"}],"about":[{"href":"https:\/\/www.wir-in-winden.de\/index.php?rest_route=\/wp\/v2\/types\/post"}],"author":[{"embeddable":true,"href":"https:\/\/www.wir-in-winden.de\/index.php?rest_route=\/wp\/v2\/users\/1"}],"replies":[{"embeddable":true,"href":"https:\/\/www.wir-in-winden.de\/index.php?rest_route=%2Fwp%2Fv2%2Fcomments&post=8145"}],"version-history":[{"count":7,"href":"https:\/\/www.wir-in-winden.de\/index.php?rest_route=\/wp\/v2\/posts\/8145\/revisions"}],"predecessor-version":[{"id":8152,"href":"https:\/\/www.wir-in-winden.de\/index.php?rest_route=\/wp\/v2\/posts\/8145\/revisions\/8152"}],"wp:attachment":[{"href":"https:\/\/www.wir-in-winden.de\/index.php?rest_route=%2Fwp%2Fv2%2Fmedia&parent=8145"}],"wp:term":[{"taxonomy":"category","embeddable":true,"href":"https:\/\/www.wir-in-winden.de\/index.php?rest_route=%2Fwp%2Fv2%2Fcategories&post=8145"},{"taxonomy":"post_tag","embeddable":true,"href":"https:\/\/www.wir-in-winden.de\/index.php?rest_route=%2Fwp%2Fv2%2Ftags&post=8145"}],"curies":[{"name":"wp","href":"https:\/\/api.w.org\/{rel}","templated":true}]}}