{"id":8109,"date":"2018-01-01T09:42:53","date_gmt":"2018-01-01T07:42:53","guid":{"rendered":"http:\/\/www.wir-in-winden.de\/?p=8109"},"modified":"2018-01-01T09:43:11","modified_gmt":"2018-01-01T07:43:11","slug":"ein-frohes-neues-jahr","status":"publish","type":"post","link":"https:\/\/www.wir-in-winden.de\/?p=8109","title":{"rendered":"Ein frohes neues Jahr!"},"content":{"rendered":"<p><a href=\"http:\/\/www.wir-in-winden.de\/wp-content\/uploads\/2018\/01\/Sonnenuntergang3.jpg\"><img loading=\"lazy\" decoding=\"async\" class=\"alignnone  wp-image-8110\" src=\"http:\/\/www.wir-in-winden.de\/wp-content\/uploads\/2018\/01\/Sonnenuntergang3.jpg\" alt=\"Sonnenuntergang3\" width=\"500\" height=\"332\" srcset=\"https:\/\/www.wir-in-winden.de\/wp-content\/uploads\/2018\/01\/Sonnenuntergang3.jpg 886w, https:\/\/www.wir-in-winden.de\/wp-content\/uploads\/2018\/01\/Sonnenuntergang3-300x200.jpg 300w\" sizes=\"auto, (max-width: 500px) 100vw, 500px\" \/><\/a><\/p>\n<p>Mit dieser sch\u00f6nen Aufnahme, die <strong>Andrea-Maria Z\u00f6ller<\/strong> vor wenigen Tagen am Michelh\u00e4uschen in Winden gemacht hat, w\u00fcnscht die Redaktion von &#8222;Wir in Winden&#8220; ein frohes nues, vor allem gesundes Jahr 2018.<\/p>\n","protected":false},"excerpt":{"rendered":"<p>Mit dieser sch\u00f6nen Aufnahme, die Andrea-Maria Z\u00f6ller vor wenigen Tagen am Michelh\u00e4uschen in Winden gemacht hat, w\u00fcnscht die Redaktion von &#8222;Wir in Winden&#8220; ein frohes nues, vor allem gesundes Jahr 2018.<\/p>\n","protected":false},"author":1,"featured_media":0,"comment_status":"open","ping_status":"open","sticky":false,"template":"","format":"standard","meta":{"footnotes":""},"categories":[7],"tags":[],"class_list":["post-8109","post","type-post","status-publish","format-standard","hentry","category-allgemein"],"_links":{"self":[{"href":"https:\/\/www.wir-in-winden.de\/index.php?rest_route=\/wp\/v2\/posts\/8109","targetHints":{"allow":["GET"]}}],"collection":[{"href":"https:\/\/www.wir-in-winden.de\/index.php?rest_route=\/wp\/v2\/posts"}],"about":[{"href":"https:\/\/www.wir-in-winden.de\/index.php?rest_route=\/wp\/v2\/types\/post"}],"author":[{"embeddable":true,"href":"https:\/\/www.wir-in-winden.de\/index.php?rest_route=\/wp\/v2\/users\/1"}],"replies":[{"embeddable":true,"href":"https:\/\/www.wir-in-winden.de\/index.php?rest_route=%2Fwp%2Fv2%2Fcomments&post=8109"}],"version-history":[{"count":2,"href":"https:\/\/www.wir-in-winden.de\/index.php?rest_route=\/wp\/v2\/posts\/8109\/revisions"}],"predecessor-version":[{"id":8112,"href":"https:\/\/www.wir-in-winden.de\/index.php?rest_route=\/wp\/v2\/posts\/8109\/revisions\/8112"}],"wp:attachment":[{"href":"https:\/\/www.wir-in-winden.de\/index.php?rest_route=%2Fwp%2Fv2%2Fmedia&parent=8109"}],"wp:term":[{"taxonomy":"category","embeddable":true,"href":"https:\/\/www.wir-in-winden.de\/index.php?rest_route=%2Fwp%2Fv2%2Fcategories&post=8109"},{"taxonomy":"post_tag","embeddable":true,"href":"https:\/\/www.wir-in-winden.de\/index.php?rest_route=%2Fwp%2Fv2%2Ftags&post=8109"}],"curies":[{"name":"wp","href":"https:\/\/api.w.org\/{rel}","templated":true}]}}