{"id":8101,"date":"2017-12-27T08:59:17","date_gmt":"2017-12-27T06:59:17","guid":{"rendered":"http:\/\/www.wir-in-winden.de\/?p=8101"},"modified":"2017-12-27T08:59:17","modified_gmt":"2017-12-27T06:59:17","slug":"das-sterben-der-alten-kameraden","status":"publish","type":"post","link":"https:\/\/www.wir-in-winden.de\/?p=8101","title":{"rendered":"Das Sterben der &#8222;alten Kameraden&#8220;"},"content":{"rendered":"<p><a href=\"http:\/\/www.wir-in-winden.de\/wp-content\/uploads\/2017\/12\/Obstbaum_Winden.jpg\"><img loading=\"lazy\" decoding=\"async\" class=\"alignnone  wp-image-8102\" src=\"http:\/\/www.wir-in-winden.de\/wp-content\/uploads\/2017\/12\/Obstbaum_Winden.jpg\" alt=\"Obstbaum_Winden\" width=\"400\" height=\"455\" srcset=\"https:\/\/www.wir-in-winden.de\/wp-content\/uploads\/2017\/12\/Obstbaum_Winden.jpg 886w, https:\/\/www.wir-in-winden.de\/wp-content\/uploads\/2017\/12\/Obstbaum_Winden-264x300.jpg 264w\" sizes=\"auto, (max-width: 400px) 100vw, 400px\" \/><\/a><\/p>\n<p>&#8222;Mir f\u00e4llt seit einigen Jahren das vermehrte Sterben der alten Hochstammobstb\u00e4ume auf&#8220;,\u00a0sagt\u00a0<strong>Stefan Hermans<\/strong> aus Winden.\u00a0Sicher werde vereinzelt auch nachgepflanzt, auf Gemeindegel\u00e4nde am Ortseingang am Nassauer Feld oder auch privat. Aber der Verlust der seit Jahrzehnten vertrauten Obstb\u00e4ume, zum Beispiel im Haier oder Richtung Katzenstein, geh\u00f6re wohl unwiederbringlich der Vergangenheit an, meint Hermans.<br \/>\nDie Pflege dieser B\u00e4ume und auch die Ernte sei f\u00fcr viele zu m\u00fchsam, der Einkauf im Discounter viel bequemer und g\u00fcnstiger. Hermans: &#8222;Sehr schade!&#8220;<\/p>\n<p>Er selbst habe vor etwa\u00a0Jahren einmal zehn Hochst\u00e4mme gepflanzt. Davon seien noch ganze drei \u00fcbrig. Er k\u00f6nne sich\u00a0vorstellen, mit anderen Gleichgesinnten im Jahr 2018 an geeigneten Gr\u00fcnfl\u00e4chen einen Neustart zu wagen. Eigentlich w\u00e4re die Nachfrage ausreichend vorhanden. Pferdebesitzer w\u00fcrden sich freuen und Apfelsaft werde auf Initiative der Gemeinde auch allj\u00e4hrlich gekeltert.<\/p>\n","protected":false},"excerpt":{"rendered":"<p>&#8222;Mir f\u00e4llt seit einigen Jahren das vermehrte Sterben der alten Hochstammobstb\u00e4ume auf&#8220;,\u00a0sagt\u00a0Stefan Hermans aus Winden.\u00a0Sicher werde vereinzelt auch nachgepflanzt, auf Gemeindegel\u00e4nde am Ortseingang am Nassauer Feld oder auch privat. Aber der Verlust der seit Jahrzehnten vertrauten Obstb\u00e4ume, zum Beispiel im Haier oder Richtung Katzenstein, geh\u00f6re wohl unwiederbringlich der Vergangenheit an, meint Hermans. Die Pflege dieser [&hellip;]<\/p>\n","protected":false},"author":1,"featured_media":0,"comment_status":"open","ping_status":"open","sticky":false,"template":"","format":"standard","meta":{"footnotes":""},"categories":[7],"tags":[],"class_list":["post-8101","post","type-post","status-publish","format-standard","hentry","category-allgemein"],"_links":{"self":[{"href":"https:\/\/www.wir-in-winden.de\/index.php?rest_route=\/wp\/v2\/posts\/8101","targetHints":{"allow":["GET"]}}],"collection":[{"href":"https:\/\/www.wir-in-winden.de\/index.php?rest_route=\/wp\/v2\/posts"}],"about":[{"href":"https:\/\/www.wir-in-winden.de\/index.php?rest_route=\/wp\/v2\/types\/post"}],"author":[{"embeddable":true,"href":"https:\/\/www.wir-in-winden.de\/index.php?rest_route=\/wp\/v2\/users\/1"}],"replies":[{"embeddable":true,"href":"https:\/\/www.wir-in-winden.de\/index.php?rest_route=%2Fwp%2Fv2%2Fcomments&post=8101"}],"version-history":[{"count":1,"href":"https:\/\/www.wir-in-winden.de\/index.php?rest_route=\/wp\/v2\/posts\/8101\/revisions"}],"predecessor-version":[{"id":8103,"href":"https:\/\/www.wir-in-winden.de\/index.php?rest_route=\/wp\/v2\/posts\/8101\/revisions\/8103"}],"wp:attachment":[{"href":"https:\/\/www.wir-in-winden.de\/index.php?rest_route=%2Fwp%2Fv2%2Fmedia&parent=8101"}],"wp:term":[{"taxonomy":"category","embeddable":true,"href":"https:\/\/www.wir-in-winden.de\/index.php?rest_route=%2Fwp%2Fv2%2Fcategories&post=8101"},{"taxonomy":"post_tag","embeddable":true,"href":"https:\/\/www.wir-in-winden.de\/index.php?rest_route=%2Fwp%2Fv2%2Ftags&post=8101"}],"curies":[{"name":"wp","href":"https:\/\/api.w.org\/{rel}","templated":true}]}}