{"id":7351,"date":"2016-10-10T22:49:30","date_gmt":"2016-10-10T20:49:30","guid":{"rendered":"http:\/\/www.wir-in-winden.de\/?p=7351"},"modified":"2016-10-10T22:50:08","modified_gmt":"2016-10-10T20:50:08","slug":"ein-stueck-sonnengereifte-heimat-fuer-zu-hause","status":"publish","type":"post","link":"https:\/\/www.wir-in-winden.de\/?p=7351","title":{"rendered":"Ein St\u00fcck sonnengereifte Heimat f\u00fcr zu Hause"},"content":{"rendered":"<p>Wohin mit dem Obst? Ganz einfach: Saft daraus machen! Gelegenheit dazu bietet die Ortsgemeinde Winden am <strong>Donnerstag, 27. Oktober, ab 9 Uhr<\/strong> vor dem <strong>B\u00fcrgerhaus<\/strong>. Die <em>Mobile Saftpresse Westerwald<\/em> bietet allen Interessierten aus dem Nassauer Land die M\u00f6glichkeit, \u00c4pfel, Birnen und Quitten zu Saft zu verarbeitet. Dieser wird abgef\u00fcllt in 3-, 5- und 10-Liter-Gebinden&#8220;Bag in Box&#8220;. Der abgef\u00fcllte Saft ist unge\u00f6ffnet mindestens ein Jahr haltbar und ge\u00f6ffnet binnen zwei Monaten zu verbrauchen.<\/p>\n<p>Wer Interesse hat, bringt sein Obst zum Pressen vorbei und nimmt sich ein St\u00fcck sonnengereifte Heimat mit nach Hause. N\u00e4here Informationen gibt es unter <a href=\"http:\/\/www.mobile-saftpresse-westerwald.de\" target=\"_blank\">www.mobile-saftpresse-westerwald.de.<\/a> Terminabsprache telefonisch bei Benjamin Junge unter Tel. 0170\/3838689 oder per E-Mail unter <a href=\"mailto:info@obstbaumpflege-junge.de\" target=\"_blank\">info@obstbaumpflege-junge.de<\/a>.<\/p>\n","protected":false},"excerpt":{"rendered":"<p>Wohin mit dem Obst? Ganz einfach: Saft daraus machen! Gelegenheit dazu bietet die Ortsgemeinde Winden am Donnerstag, 27. Oktober, ab 9 Uhr vor dem B\u00fcrgerhaus. Die Mobile Saftpresse Westerwald bietet allen Interessierten aus dem Nassauer Land die M\u00f6glichkeit, \u00c4pfel, Birnen und Quitten zu Saft zu verarbeitet. Dieser wird abgef\u00fcllt in 3-, 5- und 10-Liter-Gebinden&#8220;Bag in [&hellip;]<\/p>\n","protected":false},"author":1,"featured_media":0,"comment_status":"open","ping_status":"open","sticky":false,"template":"","format":"standard","meta":{"footnotes":""},"categories":[7],"tags":[],"class_list":["post-7351","post","type-post","status-publish","format-standard","hentry","category-allgemein"],"_links":{"self":[{"href":"https:\/\/www.wir-in-winden.de\/index.php?rest_route=\/wp\/v2\/posts\/7351","targetHints":{"allow":["GET"]}}],"collection":[{"href":"https:\/\/www.wir-in-winden.de\/index.php?rest_route=\/wp\/v2\/posts"}],"about":[{"href":"https:\/\/www.wir-in-winden.de\/index.php?rest_route=\/wp\/v2\/types\/post"}],"author":[{"embeddable":true,"href":"https:\/\/www.wir-in-winden.de\/index.php?rest_route=\/wp\/v2\/users\/1"}],"replies":[{"embeddable":true,"href":"https:\/\/www.wir-in-winden.de\/index.php?rest_route=%2Fwp%2Fv2%2Fcomments&post=7351"}],"version-history":[{"count":2,"href":"https:\/\/www.wir-in-winden.de\/index.php?rest_route=\/wp\/v2\/posts\/7351\/revisions"}],"predecessor-version":[{"id":7353,"href":"https:\/\/www.wir-in-winden.de\/index.php?rest_route=\/wp\/v2\/posts\/7351\/revisions\/7353"}],"wp:attachment":[{"href":"https:\/\/www.wir-in-winden.de\/index.php?rest_route=%2Fwp%2Fv2%2Fmedia&parent=7351"}],"wp:term":[{"taxonomy":"category","embeddable":true,"href":"https:\/\/www.wir-in-winden.de\/index.php?rest_route=%2Fwp%2Fv2%2Fcategories&post=7351"},{"taxonomy":"post_tag","embeddable":true,"href":"https:\/\/www.wir-in-winden.de\/index.php?rest_route=%2Fwp%2Fv2%2Ftags&post=7351"}],"curies":[{"name":"wp","href":"https:\/\/api.w.org\/{rel}","templated":true}]}}