{"id":7264,"date":"2016-07-15T18:51:26","date_gmt":"2016-07-15T16:51:26","guid":{"rendered":"http:\/\/www.wir-in-winden.de\/?p=7264"},"modified":"2016-07-15T18:51:26","modified_gmt":"2016-07-15T16:51:26","slug":"dorferneuerungskonzept-geprueft-und-anerkannt","status":"publish","type":"post","link":"https:\/\/www.wir-in-winden.de\/?p=7264","title":{"rendered":"Dorferneuerungskonzept gepr\u00fcft und anerkannt"},"content":{"rendered":"<p>Die Kreisverwaltung des Rhein-Lahn-Kreises hat mit Schreiben vom 8. Juli 2016 mitgeteilt, dass die vom <strong>Ortsgemeinderat Winden<\/strong> verabschiedete Fortschreibung des Dorferneuerungskonzeptes gepr\u00fcft worden sei. Die Pr\u00fcfung habe ergeben, dass das Konzept als sehr gelungene Fortschreibung anzusehen ist und als ausreichende F\u00f6rdergrundlage anerkannt werden kann. Daher\u00a0k\u00f6nnen auf dieser Basis weiterhin F\u00f6rderantr\u00e4ge im \u00f6ffentlichen und privaten Bereich gestellt werden.\u00a0F\u00fcr F\u00f6rderantr\u00e4ge im privaten Bereich ist Bewilligungsbeh\u00f6rde die Kreisverwaltung. Antragsfristen bestehen nicht. F\u00f6rderantr\u00e4ge sind einfach vorzulegen. Einem Antrag sind Planunterlagen, unbeglaubigter Lageplan, Lichtbilder des Objektes sowie Kostenvoranschl\u00e4ge oder eine Kostenaufstellung vorzulegen. Die Verbandsgemeindeverwaltung Nassau ist gerne bei der Antragsstellung behilflich.<\/p>\n","protected":false},"excerpt":{"rendered":"<p>Die Kreisverwaltung des Rhein-Lahn-Kreises hat mit Schreiben vom 8. Juli 2016 mitgeteilt, dass die vom Ortsgemeinderat Winden verabschiedete Fortschreibung des Dorferneuerungskonzeptes gepr\u00fcft worden sei. Die Pr\u00fcfung habe ergeben, dass das Konzept als sehr gelungene Fortschreibung anzusehen ist und als ausreichende F\u00f6rdergrundlage anerkannt werden kann. Daher\u00a0k\u00f6nnen auf dieser Basis weiterhin F\u00f6rderantr\u00e4ge im \u00f6ffentlichen und privaten Bereich [&hellip;]<\/p>\n","protected":false},"author":1,"featured_media":0,"comment_status":"open","ping_status":"open","sticky":false,"template":"","format":"standard","meta":{"footnotes":""},"categories":[7],"tags":[],"class_list":["post-7264","post","type-post","status-publish","format-standard","hentry","category-allgemein"],"_links":{"self":[{"href":"https:\/\/www.wir-in-winden.de\/index.php?rest_route=\/wp\/v2\/posts\/7264","targetHints":{"allow":["GET"]}}],"collection":[{"href":"https:\/\/www.wir-in-winden.de\/index.php?rest_route=\/wp\/v2\/posts"}],"about":[{"href":"https:\/\/www.wir-in-winden.de\/index.php?rest_route=\/wp\/v2\/types\/post"}],"author":[{"embeddable":true,"href":"https:\/\/www.wir-in-winden.de\/index.php?rest_route=\/wp\/v2\/users\/1"}],"replies":[{"embeddable":true,"href":"https:\/\/www.wir-in-winden.de\/index.php?rest_route=%2Fwp%2Fv2%2Fcomments&post=7264"}],"version-history":[{"count":1,"href":"https:\/\/www.wir-in-winden.de\/index.php?rest_route=\/wp\/v2\/posts\/7264\/revisions"}],"predecessor-version":[{"id":7265,"href":"https:\/\/www.wir-in-winden.de\/index.php?rest_route=\/wp\/v2\/posts\/7264\/revisions\/7265"}],"wp:attachment":[{"href":"https:\/\/www.wir-in-winden.de\/index.php?rest_route=%2Fwp%2Fv2%2Fmedia&parent=7264"}],"wp:term":[{"taxonomy":"category","embeddable":true,"href":"https:\/\/www.wir-in-winden.de\/index.php?rest_route=%2Fwp%2Fv2%2Fcategories&post=7264"},{"taxonomy":"post_tag","embeddable":true,"href":"https:\/\/www.wir-in-winden.de\/index.php?rest_route=%2Fwp%2Fv2%2Ftags&post=7264"}],"curies":[{"name":"wp","href":"https:\/\/api.w.org\/{rel}","templated":true}]}}