{"id":7036,"date":"2016-02-03T08:45:07","date_gmt":"2016-02-03T06:45:07","guid":{"rendered":"http:\/\/www.wir-in-winden.de\/?p=7036"},"modified":"2016-02-03T08:45:07","modified_gmt":"2016-02-03T06:45:07","slug":"buergerversammlung-in-winden","status":"publish","type":"post","link":"https:\/\/www.wir-in-winden.de\/?p=7036","title":{"rendered":"B\u00fcrgerversammlung in Winden"},"content":{"rendered":"<p>Zu einer B\u00fcrgerversammlung l\u00e4dt die Ortsgemeinde Winden f\u00fcr <strong>Montag, 22. Februar, 19.30 Uhr,<\/strong> ins <strong>B\u00fcrgerhaus<\/strong> ein. Ortsb\u00fcrgermeister <strong>Gebhard Linscheid<\/strong> wird \u00fcber die erledigten und geplanten Projekte der Ortsgemeinde Winden berichten, w\u00e4hrend Verbandsb\u00fcrgermeister <strong>Udo Rau<\/strong> Auskunft \u00fcber die Belange der Verbandsgemeinde gibt. Fragen und Erg\u00e4nzungen durch die Einwohner sind gew\u00fcnscht.<\/p>\n","protected":false},"excerpt":{"rendered":"<p>Zu einer B\u00fcrgerversammlung l\u00e4dt die Ortsgemeinde Winden f\u00fcr Montag, 22. Februar, 19.30 Uhr, ins B\u00fcrgerhaus ein. Ortsb\u00fcrgermeister Gebhard Linscheid wird \u00fcber die erledigten und geplanten Projekte der Ortsgemeinde Winden berichten, w\u00e4hrend Verbandsb\u00fcrgermeister Udo Rau Auskunft \u00fcber die Belange der Verbandsgemeinde gibt. Fragen und Erg\u00e4nzungen durch die Einwohner sind gew\u00fcnscht.<\/p>\n","protected":false},"author":1,"featured_media":0,"comment_status":"open","ping_status":"open","sticky":false,"template":"","format":"standard","meta":{"footnotes":""},"categories":[7],"tags":[],"class_list":["post-7036","post","type-post","status-publish","format-standard","hentry","category-allgemein"],"_links":{"self":[{"href":"https:\/\/www.wir-in-winden.de\/index.php?rest_route=\/wp\/v2\/posts\/7036","targetHints":{"allow":["GET"]}}],"collection":[{"href":"https:\/\/www.wir-in-winden.de\/index.php?rest_route=\/wp\/v2\/posts"}],"about":[{"href":"https:\/\/www.wir-in-winden.de\/index.php?rest_route=\/wp\/v2\/types\/post"}],"author":[{"embeddable":true,"href":"https:\/\/www.wir-in-winden.de\/index.php?rest_route=\/wp\/v2\/users\/1"}],"replies":[{"embeddable":true,"href":"https:\/\/www.wir-in-winden.de\/index.php?rest_route=%2Fwp%2Fv2%2Fcomments&post=7036"}],"version-history":[{"count":1,"href":"https:\/\/www.wir-in-winden.de\/index.php?rest_route=\/wp\/v2\/posts\/7036\/revisions"}],"predecessor-version":[{"id":7037,"href":"https:\/\/www.wir-in-winden.de\/index.php?rest_route=\/wp\/v2\/posts\/7036\/revisions\/7037"}],"wp:attachment":[{"href":"https:\/\/www.wir-in-winden.de\/index.php?rest_route=%2Fwp%2Fv2%2Fmedia&parent=7036"}],"wp:term":[{"taxonomy":"category","embeddable":true,"href":"https:\/\/www.wir-in-winden.de\/index.php?rest_route=%2Fwp%2Fv2%2Fcategories&post=7036"},{"taxonomy":"post_tag","embeddable":true,"href":"https:\/\/www.wir-in-winden.de\/index.php?rest_route=%2Fwp%2Fv2%2Ftags&post=7036"}],"curies":[{"name":"wp","href":"https:\/\/api.w.org\/{rel}","templated":true}]}}