{"id":7030,"date":"2016-01-31T10:51:04","date_gmt":"2016-01-31T08:51:04","guid":{"rendered":"http:\/\/www.wir-in-winden.de\/?p=7030"},"modified":"2016-01-31T10:53:50","modified_gmt":"2016-01-31T08:53:50","slug":"der-vfr-ist-eine-starke-gemeinschaft","status":"publish","type":"post","link":"https:\/\/www.wir-in-winden.de\/?p=7030","title":{"rendered":"Der VfR ist eine starke Gemeinschaft"},"content":{"rendered":"<p>&#8222;Der VfR ist eine starke Gemeinschaft, in der alle mit anpacken und an einem Strang ziehen.&#8220; Dies erkl\u00e4rte der Vorsitzende des Vereins, <strong>Markus R\u00fcbsamen <\/strong>(47), k\u00fcrzlich in einem Zeitungsinterview. In diesem Jahr feiert der VfR sein 100-j\u00e4hriges Bestehen.<\/p>\n<p>Gegr\u00fcndet wurde der <strong>&#8222;Verein f\u00fcr Rasensport&#8220;<\/strong>, wie er sich nannte, in st\u00fcrmischen Zeiten: 1916, der Erste Weltkrieg war in vollem Gange, riefen einige beherzte, fu\u00dfballbegeisterte Windener den Verein ins Leben. Doch nur\u00a0wenig sp\u00e4ter &#8211; der Fu\u00dfballplatz war gerade gebaut worden &#8211; musste der VfR seinen Spielbetrieb kriegsbedingt schon wieder einstellen.\u00a0Nach einer erneuten Zwangspause w\u00e4hrend des Zweiten Weltkriegs bl\u00fchte der Fu\u00dfballverein in den ersten Jahrzehnten der jungen Bundesrepublik wieder auf. 1971 wurde eine Fu\u00dfballspielgemeinschaft mit Horbach gegr\u00fcndet, die immerhin 13 Jahre hielt. Es folgten H\u00f6hen und Tiefen, zum Beispiel die sehr erfolgreiche\u00a0Saison 1974\/75 oder der Abstieg in die Kreisliga C in der Saison 1986\/87.<\/p>\n<p>Urspr\u00fcnglich als reiner Fu\u00dfballverein ins Leben gerufen, hat der VfR, der heute etwa 300 Mitglieder z\u00e4hlt und zehn Trainer besch\u00e4ftigt, seine sportliche Palette inzwischen deutlich erweitert. Dem Verein schloss sich die <strong>Gymnastikgruppe &#8222;Immer Fit&#8220;<\/strong> ebenso an wie der\u00a0<strong>TSC Schwarz-Wei\u00df Winden<\/strong> mit seinen sechs Tanzgruppen, die besonders f\u00fcr die Jugend sehr attraktiv sind.\u00a0Im 100. Jahr seines Bestehens ist der VfR aus dem sportlichen und gesellschaftlichen Leben der Ortsgemeinde Winden nicht mehr wegzudenken. Dies hat der Verein erst k\u00fcrzlich mit der Ausrichtung der Kappensitzung unter Beweis gestellt &#8212; eine Veranstaltung, die regelm\u00e4\u00dfig zu den gesellschaftlichen H\u00f6hepunkten in Winden z\u00e4hlt. Und alle zwei Monate gibt es den VfR-Abend, der beim n\u00e4chsten Mal im M\u00e4rz mit einem Schlachtfest kombiniert werden soll. Schlie\u00dflich tragen auch\u00a0die Turnerfrauen zum sozialen Leben bei: In\u00a0Trauerf\u00e4llen richten sie ein Beerdigungscaf\u00e9 aus.<\/p>\n<p>Gerade diese gesellschaftlichen Funktionen des VfR h\u00e4lt Vorsitzender Markus\u00a0R\u00fcbsamen f\u00fcr sehr wichtig in einer Gemeinde wie Winden. Damit\u00a0trage der Verein dazu bei, das Zusammengeh\u00f6rigkeitsgef\u00fchl zu st\u00e4rken. Wie wichtig ein Verein gerade auch f\u00fcr \u00e4ltere Menschen ist, zeige das Beispiel von f\u00fcnf \u00e4lteren Damen, die bei Wind und Wetter &#8222;ihrem&#8220; VfR auf dem Fu\u00dfballplatz die Daumen dr\u00fccken.<\/p>\n<p>Altbacken oder gar verkn\u00f6chert ist der VfR auch nach 100 Jahren keineswegs, wie R\u00fcbsamen meint. \u00a0Im Gegenteil: auch 2016 ist der VfR sehr lebendig &#8211; ein Verein, der Menschen zusammenf\u00fchrt und ihnen ein St\u00fcck Heimatgef\u00fchl vermittelt.<\/p>\n","protected":false},"excerpt":{"rendered":"<p>&#8222;Der VfR ist eine starke Gemeinschaft, in der alle mit anpacken und an einem Strang ziehen.&#8220; Dies erkl\u00e4rte der Vorsitzende des Vereins, Markus R\u00fcbsamen (47), k\u00fcrzlich in einem Zeitungsinterview. In diesem Jahr feiert der VfR sein 100-j\u00e4hriges Bestehen. Gegr\u00fcndet wurde der &#8222;Verein f\u00fcr Rasensport&#8220;, wie er sich nannte, in st\u00fcrmischen Zeiten: 1916, der Erste Weltkrieg [&hellip;]<\/p>\n","protected":false},"author":1,"featured_media":0,"comment_status":"open","ping_status":"open","sticky":false,"template":"","format":"standard","meta":{"footnotes":""},"categories":[18],"tags":[],"class_list":["post-7030","post","type-post","status-publish","format-standard","hentry","category-vfr-winden"],"_links":{"self":[{"href":"https:\/\/www.wir-in-winden.de\/index.php?rest_route=\/wp\/v2\/posts\/7030","targetHints":{"allow":["GET"]}}],"collection":[{"href":"https:\/\/www.wir-in-winden.de\/index.php?rest_route=\/wp\/v2\/posts"}],"about":[{"href":"https:\/\/www.wir-in-winden.de\/index.php?rest_route=\/wp\/v2\/types\/post"}],"author":[{"embeddable":true,"href":"https:\/\/www.wir-in-winden.de\/index.php?rest_route=\/wp\/v2\/users\/1"}],"replies":[{"embeddable":true,"href":"https:\/\/www.wir-in-winden.de\/index.php?rest_route=%2Fwp%2Fv2%2Fcomments&post=7030"}],"version-history":[{"count":3,"href":"https:\/\/www.wir-in-winden.de\/index.php?rest_route=\/wp\/v2\/posts\/7030\/revisions"}],"predecessor-version":[{"id":7034,"href":"https:\/\/www.wir-in-winden.de\/index.php?rest_route=\/wp\/v2\/posts\/7030\/revisions\/7034"}],"wp:attachment":[{"href":"https:\/\/www.wir-in-winden.de\/index.php?rest_route=%2Fwp%2Fv2%2Fmedia&parent=7030"}],"wp:term":[{"taxonomy":"category","embeddable":true,"href":"https:\/\/www.wir-in-winden.de\/index.php?rest_route=%2Fwp%2Fv2%2Fcategories&post=7030"},{"taxonomy":"post_tag","embeddable":true,"href":"https:\/\/www.wir-in-winden.de\/index.php?rest_route=%2Fwp%2Fv2%2Ftags&post=7030"}],"curies":[{"name":"wp","href":"https:\/\/api.w.org\/{rel}","templated":true}]}}