{"id":6955,"date":"2015-12-29T18:26:25","date_gmt":"2015-12-29T16:26:25","guid":{"rendered":"http:\/\/www.wir-in-winden.de\/?p=6955"},"modified":"2015-12-29T18:26:25","modified_gmt":"2015-12-29T16:26:25","slug":"vfr-winden-hebt-die-mitgliedsbeitraege-an","status":"publish","type":"post","link":"https:\/\/www.wir-in-winden.de\/?p=6955","title":{"rendered":"VfR Winden hebt die Mitgliedsbeitr\u00e4ge an"},"content":{"rendered":"<p>Die Mitgliederversammlung des <strong>VfR 1916 Winden<\/strong> hat eine Erh\u00f6hung der Beitr\u00e4ge beschlossen. Damit folgte die Versammlung der Einsch\u00e4tzung des Vorsitzenden <strong>Markus R\u00fcbsamen<\/strong>, dass es dem Verein mit den bisherigen Beitr\u00e4gen nicht mehr m\u00f6glich ist, die laufenden Kosten auch nur ann\u00e4hernd zu decken. Auch sei der Verein bei der bisherigen Beitragsstruktur nicht zuschussf\u00e4hig, das hei\u00dft, dass der VfR von den Dachverb\u00e4nden keine Zusch\u00fcsse erh\u00e4lt und deshalb alle Kosten selbst tragen muss.<\/p>\n<p>Vom 1. Januar 2016 an gelten daher folgende Mitgliedsbeitr\u00e4ge:<\/p>\n<ul>\n<li>Erwachsene 48 Euro<\/li>\n<li>2 Erwachsene 72 Euro<\/li>\n<li>Kinder\/Jugendliche 42 Euro<\/li>\n<li>2 Erwachsene + 1 Kind 90 Euro<\/li>\n<li>1 Erwachsener + 1 Kind 78 Euro<\/li>\n<li>2 Erwachsene + 2 Kinder 108 Euro<\/li>\n<li>1 Erwachsener + 2 Kinder 96 Euro<\/li>\n<li>Erm\u00e4\u00dfigter Beitrag 36 Euro<\/li>\n<\/ul>\n<p>Der Vorstand hofft weiter auf die Unterst\u00fctzung durch die Mitglieder, um den Sport in Winden weiterbringen zu k\u00f6nnen und w\u00fcnscht allen B\u00fcrgern und seinen Mitgliedern das Beste f\u00fcr das Jahr 2016.<\/p>\n","protected":false},"excerpt":{"rendered":"<p>Die Mitgliederversammlung des VfR 1916 Winden hat eine Erh\u00f6hung der Beitr\u00e4ge beschlossen. Damit folgte die Versammlung der Einsch\u00e4tzung des Vorsitzenden Markus R\u00fcbsamen, dass es dem Verein mit den bisherigen Beitr\u00e4gen nicht mehr m\u00f6glich ist, die laufenden Kosten auch nur ann\u00e4hernd zu decken. Auch sei der Verein bei der bisherigen Beitragsstruktur nicht zuschussf\u00e4hig, das hei\u00dft, dass [&hellip;]<\/p>\n","protected":false},"author":1,"featured_media":0,"comment_status":"open","ping_status":"open","sticky":false,"template":"","format":"standard","meta":{"footnotes":""},"categories":[18],"tags":[],"class_list":["post-6955","post","type-post","status-publish","format-standard","hentry","category-vfr-winden"],"_links":{"self":[{"href":"https:\/\/www.wir-in-winden.de\/index.php?rest_route=\/wp\/v2\/posts\/6955","targetHints":{"allow":["GET"]}}],"collection":[{"href":"https:\/\/www.wir-in-winden.de\/index.php?rest_route=\/wp\/v2\/posts"}],"about":[{"href":"https:\/\/www.wir-in-winden.de\/index.php?rest_route=\/wp\/v2\/types\/post"}],"author":[{"embeddable":true,"href":"https:\/\/www.wir-in-winden.de\/index.php?rest_route=\/wp\/v2\/users\/1"}],"replies":[{"embeddable":true,"href":"https:\/\/www.wir-in-winden.de\/index.php?rest_route=%2Fwp%2Fv2%2Fcomments&post=6955"}],"version-history":[{"count":1,"href":"https:\/\/www.wir-in-winden.de\/index.php?rest_route=\/wp\/v2\/posts\/6955\/revisions"}],"predecessor-version":[{"id":6956,"href":"https:\/\/www.wir-in-winden.de\/index.php?rest_route=\/wp\/v2\/posts\/6955\/revisions\/6956"}],"wp:attachment":[{"href":"https:\/\/www.wir-in-winden.de\/index.php?rest_route=%2Fwp%2Fv2%2Fmedia&parent=6955"}],"wp:term":[{"taxonomy":"category","embeddable":true,"href":"https:\/\/www.wir-in-winden.de\/index.php?rest_route=%2Fwp%2Fv2%2Fcategories&post=6955"},{"taxonomy":"post_tag","embeddable":true,"href":"https:\/\/www.wir-in-winden.de\/index.php?rest_route=%2Fwp%2Fv2%2Ftags&post=6955"}],"curies":[{"name":"wp","href":"https:\/\/api.w.org\/{rel}","templated":true}]}}