{"id":6935,"date":"2015-12-18T08:14:27","date_gmt":"2015-12-18T06:14:27","guid":{"rendered":"http:\/\/www.wir-in-winden.de\/?p=6935"},"modified":"2015-12-18T08:14:27","modified_gmt":"2015-12-18T06:14:27","slug":"500-euro-fuer-den-tsc-schwarz-weiss-winden","status":"publish","type":"post","link":"https:\/\/www.wir-in-winden.de\/?p=6935","title":{"rendered":"500 Euro f\u00fcr den TSC Schwarz-Wei\u00df Winden"},"content":{"rendered":"<p><a href=\"http:\/\/www.wir-in-winden.de\/wp-content\/uploads\/2015\/12\/scheck_kl\u00f6ckner.jpg\"><img loading=\"lazy\" decoding=\"async\" class=\"alignnone  wp-image-6936\" src=\"http:\/\/www.wir-in-winden.de\/wp-content\/uploads\/2015\/12\/scheck_kl\u00f6ckner.jpg\" alt=\"scheck_kl\u00f6ckner\" width=\"500\" height=\"300\" srcset=\"https:\/\/www.wir-in-winden.de\/wp-content\/uploads\/2015\/12\/scheck_kl\u00f6ckner.jpg 886w, https:\/\/www.wir-in-winden.de\/wp-content\/uploads\/2015\/12\/scheck_kl\u00f6ckner-300x180.jpg 300w\" sizes=\"auto, (max-width: 500px) 100vw, 500px\" \/><\/a><\/p>\n<p>Als Mitglied des Verwaltungsrates der Nassauischen Sparkasse Wiesbaden hat <strong>Helmut Kl\u00f6ckner <\/strong>dem <strong>Tanzsportclub Schwarz-Wei\u00df Winden <\/strong>eine Naspa-Spende in H\u00f6he von 500 Euro \u00fcbergeben. Kl\u00f6ckner hatte diesen Betrag bei einer Auslosung unter den Verwaltungsratsmitgliedern zur F\u00f6rderung eines gemeinn\u00fctzigen Zweckes in der Heimat gewonnen. Er entschied sich f\u00fcr den TSC Winden, weil die Tanzgruppe auch \u00fcber Winden hinaus vielen jungen Menschen Gelegenheit zu hervorragendem Tanzsport gibt und dabei schon Auszeichnungen bis zum Deutschen-Vizemeister errungen hat.<\/p>\n<p>Zurzeit hat der Verein 98 T\u00e4nzerinnen in f\u00fcnf Gruppen. Geleitet wird er seit vielen Jahren von der Vorsitzenden <strong>Anke Lehmler, <\/strong>die auch drei Gruppen selbst trainiert. Weitere Trainerinnen sind <strong>Aileen K\u00fchler<\/strong>, <strong>Sophie Diel <\/strong>und <strong>Katharina Ewerth<\/strong>. Helmut Kl\u00f6ckner lobte die gro\u00dfartige Arbeit des Vereins und dankte den Trainerinnen f\u00fcr ihren gro\u00dfen Einsatz, der die k\u00f6rperliche Bet\u00e4tigung und den Gemeinschaftsgeist der jungen Menschen f\u00f6rdere. Dass dies den Jugendlichen und den Betrachtern gleicherma\u00dfen Freude mache, k\u00f6nne man bei den vielen Veranstaltungen erleben.<br \/>\nAnke Lehmler dankte der Naspa und Helmut Kl\u00f6ckner f\u00fcr die Spende, die der Verein sehr gut gebrauchen k\u00f6nne.<\/p>\n","protected":false},"excerpt":{"rendered":"<p>Als Mitglied des Verwaltungsrates der Nassauischen Sparkasse Wiesbaden hat Helmut Kl\u00f6ckner dem Tanzsportclub Schwarz-Wei\u00df Winden eine Naspa-Spende in H\u00f6he von 500 Euro \u00fcbergeben. Kl\u00f6ckner hatte diesen Betrag bei einer Auslosung unter den Verwaltungsratsmitgliedern zur F\u00f6rderung eines gemeinn\u00fctzigen Zweckes in der Heimat gewonnen. Er entschied sich f\u00fcr den TSC Winden, weil die Tanzgruppe auch \u00fcber Winden [&hellip;]<\/p>\n","protected":false},"author":1,"featured_media":0,"comment_status":"open","ping_status":"open","sticky":false,"template":"","format":"standard","meta":{"footnotes":""},"categories":[46,18],"tags":[],"class_list":["post-6935","post","type-post","status-publish","format-standard","hentry","category-tsc","category-vfr-winden"],"_links":{"self":[{"href":"https:\/\/www.wir-in-winden.de\/index.php?rest_route=\/wp\/v2\/posts\/6935","targetHints":{"allow":["GET"]}}],"collection":[{"href":"https:\/\/www.wir-in-winden.de\/index.php?rest_route=\/wp\/v2\/posts"}],"about":[{"href":"https:\/\/www.wir-in-winden.de\/index.php?rest_route=\/wp\/v2\/types\/post"}],"author":[{"embeddable":true,"href":"https:\/\/www.wir-in-winden.de\/index.php?rest_route=\/wp\/v2\/users\/1"}],"replies":[{"embeddable":true,"href":"https:\/\/www.wir-in-winden.de\/index.php?rest_route=%2Fwp%2Fv2%2Fcomments&post=6935"}],"version-history":[{"count":1,"href":"https:\/\/www.wir-in-winden.de\/index.php?rest_route=\/wp\/v2\/posts\/6935\/revisions"}],"predecessor-version":[{"id":6937,"href":"https:\/\/www.wir-in-winden.de\/index.php?rest_route=\/wp\/v2\/posts\/6935\/revisions\/6937"}],"wp:attachment":[{"href":"https:\/\/www.wir-in-winden.de\/index.php?rest_route=%2Fwp%2Fv2%2Fmedia&parent=6935"}],"wp:term":[{"taxonomy":"category","embeddable":true,"href":"https:\/\/www.wir-in-winden.de\/index.php?rest_route=%2Fwp%2Fv2%2Fcategories&post=6935"},{"taxonomy":"post_tag","embeddable":true,"href":"https:\/\/www.wir-in-winden.de\/index.php?rest_route=%2Fwp%2Fv2%2Ftags&post=6935"}],"curies":[{"name":"wp","href":"https:\/\/api.w.org\/{rel}","templated":true}]}}