{"id":6882,"date":"2015-11-26T11:49:16","date_gmt":"2015-11-26T09:49:16","guid":{"rendered":"http:\/\/www.wir-in-winden.de\/?p=6882"},"modified":"2015-11-26T13:06:46","modified_gmt":"2015-11-26T11:06:46","slug":"vfr-fussball-5-meisterschaftsspiel","status":"publish","type":"post","link":"https:\/\/www.wir-in-winden.de\/?p=6882","title":{"rendered":"***VfR-Fu\u00dfball*** 5. Meisterschaftsspiel"},"content":{"rendered":"<p><a href=\"http:\/\/www.wir-in-winden.de\/wp-content\/uploads\/2015\/11\/Bogel-Winden-e1448531305269.jpg\"><img loading=\"lazy\" decoding=\"async\" class=\"aligncenter wp-image-6883 size-full\" src=\"http:\/\/www.wir-in-winden.de\/wp-content\/uploads\/2015\/11\/Bogel-Winden-e1448531305269.jpg\" alt=\"Bogel-Winden\" width=\"500\" height=\"233\" \/><\/a><\/p>\n<p>Am kommenden Sonntag den 29.11.2015 reist unsere Mannschaft zum letzten Meisterschaftsspiel im Jahr 2015 nach Reitzenhain um gegen den ungeschlagenen Tabellenf\u00fchrer die SG Bogel 3 Punkte nach Winden zu holen.<\/p>\n<p>Unsere Mannschaft freut sich \u00fcber zahlreiche, mitreisende Windener Zuschauer die unser Team unterst\u00fctzen.<\/p>\n","protected":false},"excerpt":{"rendered":"<p>Am kommenden Sonntag den 29.11.2015 reist unsere Mannschaft zum letzten Meisterschaftsspiel im Jahr 2015 nach Reitzenhain um gegen den ungeschlagenen Tabellenf\u00fchrer die SG Bogel 3 Punkte nach Winden zu holen. Unsere Mannschaft freut sich \u00fcber zahlreiche, mitreisende Windener Zuschauer die unser Team unterst\u00fctzen.<\/p>\n","protected":false},"author":36,"featured_media":0,"comment_status":"open","ping_status":"open","sticky":false,"template":"","format":"standard","meta":{"footnotes":""},"categories":[67,18],"tags":[],"class_list":["post-6882","post","type-post","status-publish","format-standard","hentry","category-fusball","category-vfr-winden"],"_links":{"self":[{"href":"https:\/\/www.wir-in-winden.de\/index.php?rest_route=\/wp\/v2\/posts\/6882","targetHints":{"allow":["GET"]}}],"collection":[{"href":"https:\/\/www.wir-in-winden.de\/index.php?rest_route=\/wp\/v2\/posts"}],"about":[{"href":"https:\/\/www.wir-in-winden.de\/index.php?rest_route=\/wp\/v2\/types\/post"}],"author":[{"embeddable":true,"href":"https:\/\/www.wir-in-winden.de\/index.php?rest_route=\/wp\/v2\/users\/36"}],"replies":[{"embeddable":true,"href":"https:\/\/www.wir-in-winden.de\/index.php?rest_route=%2Fwp%2Fv2%2Fcomments&post=6882"}],"version-history":[{"count":2,"href":"https:\/\/www.wir-in-winden.de\/index.php?rest_route=\/wp\/v2\/posts\/6882\/revisions"}],"predecessor-version":[{"id":6885,"href":"https:\/\/www.wir-in-winden.de\/index.php?rest_route=\/wp\/v2\/posts\/6882\/revisions\/6885"}],"wp:attachment":[{"href":"https:\/\/www.wir-in-winden.de\/index.php?rest_route=%2Fwp%2Fv2%2Fmedia&parent=6882"}],"wp:term":[{"taxonomy":"category","embeddable":true,"href":"https:\/\/www.wir-in-winden.de\/index.php?rest_route=%2Fwp%2Fv2%2Fcategories&post=6882"},{"taxonomy":"post_tag","embeddable":true,"href":"https:\/\/www.wir-in-winden.de\/index.php?rest_route=%2Fwp%2Fv2%2Ftags&post=6882"}],"curies":[{"name":"wp","href":"https:\/\/api.w.org\/{rel}","templated":true}]}}