{"id":6862,"date":"2015-11-21T13:20:32","date_gmt":"2015-11-21T11:20:32","guid":{"rendered":"http:\/\/www.wir-in-winden.de\/?p=6862"},"modified":"2015-11-21T13:20:32","modified_gmt":"2015-11-21T11:20:32","slug":"kleidung-fuer-migranten-gesucht","status":"publish","type":"post","link":"https:\/\/www.wir-in-winden.de\/?p=6862","title":{"rendered":"Kleidung f\u00fcr Migranten gesucht"},"content":{"rendered":"<p>F\u00fcr eine Migrantenfamilie werden Fahrrad- und Sportkleidung f\u00fcr einen sechs Jahre alten Jungen sowie Erwachsenenkleidung<br \/>\nder Gr\u00f6\u00dfe S f\u00fcr gesucht. Abgabe erbeten in der Pension Rheinstein. <\/p>\n","protected":false},"excerpt":{"rendered":"<p>F\u00fcr eine Migrantenfamilie werden Fahrrad- und Sportkleidung f\u00fcr einen sechs Jahre alten Jungen sowie Erwachsenenkleidung der Gr\u00f6\u00dfe S f\u00fcr gesucht. Abgabe erbeten in der Pension Rheinstein.<\/p>\n","protected":false},"author":1,"featured_media":0,"comment_status":"open","ping_status":"open","sticky":false,"template":"","format":"standard","meta":{"footnotes":""},"categories":[7],"tags":[],"class_list":["post-6862","post","type-post","status-publish","format-standard","hentry","category-allgemein"],"_links":{"self":[{"href":"https:\/\/www.wir-in-winden.de\/index.php?rest_route=\/wp\/v2\/posts\/6862","targetHints":{"allow":["GET"]}}],"collection":[{"href":"https:\/\/www.wir-in-winden.de\/index.php?rest_route=\/wp\/v2\/posts"}],"about":[{"href":"https:\/\/www.wir-in-winden.de\/index.php?rest_route=\/wp\/v2\/types\/post"}],"author":[{"embeddable":true,"href":"https:\/\/www.wir-in-winden.de\/index.php?rest_route=\/wp\/v2\/users\/1"}],"replies":[{"embeddable":true,"href":"https:\/\/www.wir-in-winden.de\/index.php?rest_route=%2Fwp%2Fv2%2Fcomments&post=6862"}],"version-history":[{"count":1,"href":"https:\/\/www.wir-in-winden.de\/index.php?rest_route=\/wp\/v2\/posts\/6862\/revisions"}],"predecessor-version":[{"id":6863,"href":"https:\/\/www.wir-in-winden.de\/index.php?rest_route=\/wp\/v2\/posts\/6862\/revisions\/6863"}],"wp:attachment":[{"href":"https:\/\/www.wir-in-winden.de\/index.php?rest_route=%2Fwp%2Fv2%2Fmedia&parent=6862"}],"wp:term":[{"taxonomy":"category","embeddable":true,"href":"https:\/\/www.wir-in-winden.de\/index.php?rest_route=%2Fwp%2Fv2%2Fcategories&post=6862"},{"taxonomy":"post_tag","embeddable":true,"href":"https:\/\/www.wir-in-winden.de\/index.php?rest_route=%2Fwp%2Fv2%2Ftags&post=6862"}],"curies":[{"name":"wp","href":"https:\/\/api.w.org\/{rel}","templated":true}]}}