{"id":6711,"date":"2015-10-16T07:43:25","date_gmt":"2015-10-16T05:43:25","guid":{"rendered":"http:\/\/www.wir-in-winden.de\/?p=6711"},"modified":"2015-10-16T07:43:25","modified_gmt":"2015-10-16T05:43:25","slug":"foersterin-berichtet-dem-gemeinderat","status":"publish","type":"post","link":"https:\/\/www.wir-in-winden.de\/?p=6711","title":{"rendered":"F\u00f6rsterin berichtet dem Gemeinderat"},"content":{"rendered":"<p>Die n\u00e4chste Sitzung des <strong>Ortsgemeinderates Winden<\/strong> ist am <strong>Freitag, 23. Oktober, 19.30 Uhr, im Pfarrheim<\/strong>. Auf der Tagesordnung der \u00f6ffentlichen Sitzung stehen unter anderem der T\u00e4tigkeitsbericht der F\u00f6rsterin, die Brennholzpreise, eine Einwohnerfragestunde, der gepr\u00fcfte Jahresabschlusses 2013 sowie \u00fcber- und au\u00dferplanm\u00e4\u00dfigen Ausgaben 2013. Ein weiteres Thema ist die Widmung der Verkehrsanlagen<strong> \u201eIm L\u00f6h\u201c<\/strong>, <strong>\u201eTriftstra\u00dfe\u201c<\/strong> und <strong>\u201eAuf dem Acker\u201c<\/strong>. <\/p>\n","protected":false},"excerpt":{"rendered":"<p>Die n\u00e4chste Sitzung des Ortsgemeinderates Winden ist am Freitag, 23. Oktober, 19.30 Uhr, im Pfarrheim. Auf der Tagesordnung der \u00f6ffentlichen Sitzung stehen unter anderem der T\u00e4tigkeitsbericht der F\u00f6rsterin, die Brennholzpreise, eine Einwohnerfragestunde, der gepr\u00fcfte Jahresabschlusses 2013 sowie \u00fcber- und au\u00dferplanm\u00e4\u00dfigen Ausgaben 2013. Ein weiteres Thema ist die Widmung der Verkehrsanlagen \u201eIm L\u00f6h\u201c, \u201eTriftstra\u00dfe\u201c und \u201eAuf [&hellip;]<\/p>\n","protected":false},"author":1,"featured_media":0,"comment_status":"open","ping_status":"open","sticky":false,"template":"","format":"standard","meta":{"footnotes":""},"categories":[5],"tags":[],"class_list":["post-6711","post","type-post","status-publish","format-standard","hentry","category-gemeinderat"],"_links":{"self":[{"href":"https:\/\/www.wir-in-winden.de\/index.php?rest_route=\/wp\/v2\/posts\/6711","targetHints":{"allow":["GET"]}}],"collection":[{"href":"https:\/\/www.wir-in-winden.de\/index.php?rest_route=\/wp\/v2\/posts"}],"about":[{"href":"https:\/\/www.wir-in-winden.de\/index.php?rest_route=\/wp\/v2\/types\/post"}],"author":[{"embeddable":true,"href":"https:\/\/www.wir-in-winden.de\/index.php?rest_route=\/wp\/v2\/users\/1"}],"replies":[{"embeddable":true,"href":"https:\/\/www.wir-in-winden.de\/index.php?rest_route=%2Fwp%2Fv2%2Fcomments&post=6711"}],"version-history":[{"count":1,"href":"https:\/\/www.wir-in-winden.de\/index.php?rest_route=\/wp\/v2\/posts\/6711\/revisions"}],"predecessor-version":[{"id":6712,"href":"https:\/\/www.wir-in-winden.de\/index.php?rest_route=\/wp\/v2\/posts\/6711\/revisions\/6712"}],"wp:attachment":[{"href":"https:\/\/www.wir-in-winden.de\/index.php?rest_route=%2Fwp%2Fv2%2Fmedia&parent=6711"}],"wp:term":[{"taxonomy":"category","embeddable":true,"href":"https:\/\/www.wir-in-winden.de\/index.php?rest_route=%2Fwp%2Fv2%2Fcategories&post=6711"},{"taxonomy":"post_tag","embeddable":true,"href":"https:\/\/www.wir-in-winden.de\/index.php?rest_route=%2Fwp%2Fv2%2Ftags&post=6711"}],"curies":[{"name":"wp","href":"https:\/\/api.w.org\/{rel}","templated":true}]}}