{"id":6381,"date":"2015-03-09T06:53:00","date_gmt":"2015-03-09T04:53:00","guid":{"rendered":"http:\/\/www.wir-in-winden.de\/?p=6381"},"modified":"2015-03-09T07:55:04","modified_gmt":"2015-03-09T05:55:04","slug":"jahreshauptversammlung-der-schuetzen","status":"publish","type":"post","link":"https:\/\/www.wir-in-winden.de\/?p=6381","title":{"rendered":"Jahreshauptversammlung der Sch\u00fctzen"},"content":{"rendered":"<p>Die Hauptversammlung der <strong>Sch\u00fctzengesellschaft Winden <\/strong>findet am <strong>Donnerstag, 26. M\u00e4rz, um 19.30 Uhr<\/strong> im <strong>Sch\u00fctzenhaus<\/strong> in Winden, Am Forst, statt. Alle Mitglieder sind dazu herzlich eingeladen. Antr\u00e4ge zur Tagesordnung sind in schriftlicher Form bis zum 19. M\u00e4rz an den 1. Vorsitzenden Michael Eifler, Schulstrasse 32 in 56379 Winden zu richten.<\/p>\n","protected":false},"excerpt":{"rendered":"<p>Die Hauptversammlung der Sch\u00fctzengesellschaft Winden findet am Donnerstag, 26. M\u00e4rz, um 19.30 Uhr im Sch\u00fctzenhaus in Winden, Am Forst, statt. Alle Mitglieder sind dazu herzlich eingeladen. Antr\u00e4ge zur Tagesordnung sind in schriftlicher Form bis zum 19. M\u00e4rz an den 1. Vorsitzenden Michael Eifler, Schulstrasse 32 in 56379 Winden zu richten.<\/p>\n","protected":false},"author":1,"featured_media":0,"comment_status":"open","ping_status":"open","sticky":false,"template":"","format":"standard","meta":{"footnotes":""},"categories":[20],"tags":[],"class_list":["post-6381","post","type-post","status-publish","format-standard","hentry","category-schutzengesellschaft"],"_links":{"self":[{"href":"https:\/\/www.wir-in-winden.de\/index.php?rest_route=\/wp\/v2\/posts\/6381","targetHints":{"allow":["GET"]}}],"collection":[{"href":"https:\/\/www.wir-in-winden.de\/index.php?rest_route=\/wp\/v2\/posts"}],"about":[{"href":"https:\/\/www.wir-in-winden.de\/index.php?rest_route=\/wp\/v2\/types\/post"}],"author":[{"embeddable":true,"href":"https:\/\/www.wir-in-winden.de\/index.php?rest_route=\/wp\/v2\/users\/1"}],"replies":[{"embeddable":true,"href":"https:\/\/www.wir-in-winden.de\/index.php?rest_route=%2Fwp%2Fv2%2Fcomments&post=6381"}],"version-history":[{"count":1,"href":"https:\/\/www.wir-in-winden.de\/index.php?rest_route=\/wp\/v2\/posts\/6381\/revisions"}],"predecessor-version":[{"id":6382,"href":"https:\/\/www.wir-in-winden.de\/index.php?rest_route=\/wp\/v2\/posts\/6381\/revisions\/6382"}],"wp:attachment":[{"href":"https:\/\/www.wir-in-winden.de\/index.php?rest_route=%2Fwp%2Fv2%2Fmedia&parent=6381"}],"wp:term":[{"taxonomy":"category","embeddable":true,"href":"https:\/\/www.wir-in-winden.de\/index.php?rest_route=%2Fwp%2Fv2%2Fcategories&post=6381"},{"taxonomy":"post_tag","embeddable":true,"href":"https:\/\/www.wir-in-winden.de\/index.php?rest_route=%2Fwp%2Fv2%2Ftags&post=6381"}],"curies":[{"name":"wp","href":"https:\/\/api.w.org\/{rel}","templated":true}]}}