{"id":6374,"date":"2015-03-03T22:27:14","date_gmt":"2015-03-03T20:27:14","guid":{"rendered":"http:\/\/www.wir-in-winden.de\/?p=6374"},"modified":"2015-03-03T22:29:31","modified_gmt":"2015-03-03T20:29:31","slug":"gesangverein-waehlt-seinen-vorstand-wieder","status":"publish","type":"post","link":"https:\/\/www.wir-in-winden.de\/?p=6374","title":{"rendered":"Gesangverein w\u00e4hlt seinen Vorstand wieder"},"content":{"rendered":"<p>Der Vorstand des <strong>Gesangvereins &#8222;Eintracht&#8220; Winden<\/strong> stellte sich in der Jahreshauptversammlung des Vereins geschlossen zur Wiederwahl und wurde einstimmig im Amt best\u00e4tigt. Im weiteren Verlauf der Versammlung wurde eine positive R\u00fcckschau gehalten.<br \/>\nDie Besucher der Jahreshauptversammlung gedachten aber zun\u00e4chst der verstorbenen aktiven S\u00e4ngerin Gaby Schwaderlapp und dem langj\u00e4hrigen Kassierer Valentin Kapitain. Vorsitzende <strong>Elke Forro <\/strong>bedankte sich bei allen S\u00e4ngerinnen und S\u00e4ngern f\u00fcr den Besuch der Gesangstunden und allen Helferinnen und Helfern bei der Ausrichtung von Veranstaltungen, ohne die der Verein finanziell nicht \u00fcberleben k\u00f6nne. Die laufenden Einnahmen durch Beitr\u00e4ge decken nicht einmal die H\u00e4lfte der Kosten f\u00fcr den Dirigenten.<br \/>\nIm Jahr 2014 wurde die Kasse besonders durch den Neujahrsempfang mit Schlachfest im Januar 2014 und durch die Maifeier an der Grillh\u00fctte aufgebessert.<br \/>\n<strong>Helmut Kl\u00f6ckner <\/strong>ging in seinem Gesch\u00e4ftsbericht auf die Auftritte des Chores bei den kirchlichen Veranstaltungen, wie Pfarrfest, Kirchweih und Patronatsfest ein. Au\u00dferdem wurde bei der goldenen Hochzeit des aktiven S\u00e4ngers G\u00fcnter Wolf, beim Adventskonzert in Moschheim und am Volkstrauertag gesungen.<br \/>\nEin gro\u00dfer Erfolg sei das Adventskonzert in der Kirche gewesen, wobei neben den Ch\u00f6ren Winden und Bilkheim besonders die Solisten, allen voran <strong>Hannah Kr\u00f6ner<\/strong> mit ihrem Gesang brillierte. Auch <strong>Susanne Linscheid<\/strong> erhielt als Solo-S\u00e4ngerin ebenso wie <strong>Holger Ohms<\/strong> mit der Trompete und <strong>Niklas Forro <\/strong>mit der Gitarre viel Beifall.<br \/>\nAls gesellige Veranstaltung fand eine Wanderung nach Welschneudorf mit einem Steakessen statt.<br \/>\nIn diesem Jahr will der Chor wieder zur Kirchweihe, beim Patronatsfest  sowie zur Christmette in der Kirche singen. Am 20. Juni soll es ein \u201eMitsommerfest\u201c, wahrscheinlich um die Kirche herum, geben, und am 14. November ist ein bunter Abend im B\u00fcrgerhaus geplant. Am 9. Mai besucht der Chor das Fr\u00fchjahrskonzert des MGV Nassau. Als gesellige Veranstaltung soll 2015 eine Tagesfahrt mit einem Busunternehmen unternommen werden.<br \/>\nDer Kassenbericht wurde von <strong>Heinz-J\u00fcrgen Schl\u00f6sser <\/strong>vorgetragen. Er weist ein leichtes Plus auf, was, wie bereits erw\u00e4hnt, nur durch die Veranstaltungen m\u00f6glich wurde. Leider kann <strong>Klaus Klein <\/strong>als Beitragskassierer, der wiederum alle Beitr\u00e4ge bis auf den letzten Cent eingeholt hatte, aus gesundheitlichen Gr\u00fcnden nicht mehr weitermachen. Klaus Klein, der auch sonst bei allen Aktionen immer flei\u00dfig dabei war, wurde mit einem gro\u00dfen Applaus und einem Blumenstrau\u00df von der Vorsitzenden verabschiedet. Die Mitglieder sollen nun mit der Bitte angeschrieben die Beitr\u00e4ge k\u00fcnftig  durch Dauerauftrag zu \u00fcberweisen, weil sich ein neuer Beitragskassierer nicht gefunden hat.<br \/>\nNach dem die Kassenpr\u00fcfer <strong>Brigitte und J\u00fcrgen M\u00fcller <\/strong>dem Kassenverwalter Heinz-J\u00fcrgen Schl\u00f6sser eine vorbildlich Kassenf\u00fchrung bescheinigten, erteilte die Mitgliederversammlung dem Vorstand einstimmig Entlastung.  <\/p>\n","protected":false},"excerpt":{"rendered":"<p>Der Vorstand des Gesangvereins &#8222;Eintracht&#8220; Winden stellte sich in der Jahreshauptversammlung des Vereins geschlossen zur Wiederwahl und wurde einstimmig im Amt best\u00e4tigt. Im weiteren Verlauf der Versammlung wurde eine positive R\u00fcckschau gehalten. Die Besucher der Jahreshauptversammlung gedachten aber zun\u00e4chst der verstorbenen aktiven S\u00e4ngerin Gaby Schwaderlapp und dem langj\u00e4hrigen Kassierer Valentin Kapitain. Vorsitzende Elke Forro bedankte [&hellip;]<\/p>\n","protected":false},"author":1,"featured_media":0,"comment_status":"open","ping_status":"open","sticky":false,"template":"","format":"standard","meta":{"footnotes":""},"categories":[51],"tags":[],"class_list":["post-6374","post","type-post","status-publish","format-standard","hentry","category-gesangverein-winden"],"_links":{"self":[{"href":"https:\/\/www.wir-in-winden.de\/index.php?rest_route=\/wp\/v2\/posts\/6374","targetHints":{"allow":["GET"]}}],"collection":[{"href":"https:\/\/www.wir-in-winden.de\/index.php?rest_route=\/wp\/v2\/posts"}],"about":[{"href":"https:\/\/www.wir-in-winden.de\/index.php?rest_route=\/wp\/v2\/types\/post"}],"author":[{"embeddable":true,"href":"https:\/\/www.wir-in-winden.de\/index.php?rest_route=\/wp\/v2\/users\/1"}],"replies":[{"embeddable":true,"href":"https:\/\/www.wir-in-winden.de\/index.php?rest_route=%2Fwp%2Fv2%2Fcomments&post=6374"}],"version-history":[{"count":3,"href":"https:\/\/www.wir-in-winden.de\/index.php?rest_route=\/wp\/v2\/posts\/6374\/revisions"}],"predecessor-version":[{"id":6377,"href":"https:\/\/www.wir-in-winden.de\/index.php?rest_route=\/wp\/v2\/posts\/6374\/revisions\/6377"}],"wp:attachment":[{"href":"https:\/\/www.wir-in-winden.de\/index.php?rest_route=%2Fwp%2Fv2%2Fmedia&parent=6374"}],"wp:term":[{"taxonomy":"category","embeddable":true,"href":"https:\/\/www.wir-in-winden.de\/index.php?rest_route=%2Fwp%2Fv2%2Fcategories&post=6374"},{"taxonomy":"post_tag","embeddable":true,"href":"https:\/\/www.wir-in-winden.de\/index.php?rest_route=%2Fwp%2Fv2%2Ftags&post=6374"}],"curies":[{"name":"wp","href":"https:\/\/api.w.org\/{rel}","templated":true}]}}