{"id":6367,"date":"2015-03-02T18:55:44","date_gmt":"2015-03-02T16:55:44","guid":{"rendered":"http:\/\/www.wir-in-winden.de\/?p=6367"},"modified":"2015-03-02T18:56:23","modified_gmt":"2015-03-02T16:56:23","slug":"windener-taenzer-raeumten-in-kaden-ab","status":"publish","type":"post","link":"https:\/\/www.wir-in-winden.de\/?p=6367","title":{"rendered":"Windener T\u00e4nzer r\u00e4umten in Kaden ab"},"content":{"rendered":"<p><a href=\"http:\/\/www.wir-in-winden.de\/wp-content\/uploads\/2015\/03\/tscwinden-LittleDancersPlatz1.jpg\"><img loading=\"lazy\" decoding=\"async\" class=\"alignnone wp-image-6370\" src=\"http:\/\/www.wir-in-winden.de\/wp-content\/uploads\/2015\/03\/tscwinden-LittleDancersPlatz1.jpg\" alt=\"tscwinden-LittleDancersPlatz1\" width=\"501\" height=\"292\" srcset=\"https:\/\/www.wir-in-winden.de\/wp-content\/uploads\/2015\/03\/tscwinden-LittleDancersPlatz1.jpg 787w, https:\/\/www.wir-in-winden.de\/wp-content\/uploads\/2015\/03\/tscwinden-LittleDancersPlatz1-300x175.jpg 300w\" sizes=\"auto, (max-width: 501px) 100vw, 501px\" \/><\/a><\/p>\n<p>Gleich drei Tanzgruppen des <strong>TSC Schwarz-Wei\u00df Winden<\/strong> machten sich am Samstagvormittag auf den Weg zum 5. Gro\u00dfen Tanzturnier des <strong>TSV Ph\u00f6nix Kaden<\/strong>. In der Kategorie Kinder traten die <strong>\u201eLittle Dancers\u201c<\/strong> mit ihrem Tanz \u201eSurvivor\u201c und die <strong>\u201ePower Girls\u201c <\/strong>mit \u201eMadagaskar\u201c an. Die Konkurrenz war gro\u00df &#8212; umso mehr jubelten die \u201eLittle Dancers\u201c mit ihren Trainerinnen <strong>Anke Lehmler<\/strong> und <strong>Sophie Diel<\/strong>, dass sie die Jury mit ihrem charmanten Auftritt \u00fcberzeugen konnten und den ersten Platz erreichten, obwohl krankheitsbedingt vier T\u00e4nzerinnen fehlten.<\/p>\n<p>Gro\u00dfe Freude gab es auch bei den \u201ePower Girls\u201c, die eine souver\u00e4ne Leistung zeigten und mit dem dritten Platz von zehn teilnehmenden Gruppen belohnt wurden. In der Kategorie Jugend begeisterten die <strong>\u201eDream Teens\u201c<\/strong> wieder die Zuschauer und die Jury mit einer fast fehlerfreien Darbietung ihres Tanzes \u201eNew York\u201c. Nicht zuletzt durch ihre positive Ausstrahlung, konnten die 25 T\u00e4nzerinnen \u00fcberzeugen und erreichten den zweiten Platz von zw\u00f6lf Teilnehmern. Am Abend fand das Turnier f\u00fcr Erwachsene Showtanzgruppen statt. Hier zeigten die <strong>\u201eRock Stars\u201c<\/strong> mit ihrer Trainerin <strong>Aileen K\u00fchler<\/strong> ihre Interpretation von \u201eTabaluga\u201c. Bei einer sehr starken Konkurrenz von \u00fcber 20 teilnehmenden Gruppen, konnten sie sich am Ende \u00fcber einen tollen achten Platz freuen. <!--more--><\/p>\n<p><a href=\"http:\/\/www.wir-in-winden.de\/wp-content\/uploads\/2015\/03\/tscwinden-DreamTeens.jpg\"><img loading=\"lazy\" decoding=\"async\" class=\"alignnone wp-image-6368\" src=\"http:\/\/www.wir-in-winden.de\/wp-content\/uploads\/2015\/03\/tscwinden-DreamTeens.jpg\" alt=\"tscwinden-DreamTeens\" width=\"500\" height=\"346\" srcset=\"https:\/\/www.wir-in-winden.de\/wp-content\/uploads\/2015\/03\/tscwinden-DreamTeens.jpg 800w, https:\/\/www.wir-in-winden.de\/wp-content\/uploads\/2015\/03\/tscwinden-DreamTeens-300x207.jpg 300w\" sizes=\"auto, (max-width: 500px) 100vw, 500px\" \/><\/a> <a href=\"http:\/\/www.wir-in-winden.de\/wp-content\/uploads\/2015\/03\/tscwinden-LittleDancers_PowerGirls.jpg\"><img loading=\"lazy\" decoding=\"async\" class=\"alignnone wp-image-6369\" src=\"http:\/\/www.wir-in-winden.de\/wp-content\/uploads\/2015\/03\/tscwinden-LittleDancers_PowerGirls.jpg\" alt=\"tscwinden-LittleDancers_PowerGirls\" width=\"500\" height=\"302\" srcset=\"https:\/\/www.wir-in-winden.de\/wp-content\/uploads\/2015\/03\/tscwinden-LittleDancers_PowerGirls.jpg 800w, https:\/\/www.wir-in-winden.de\/wp-content\/uploads\/2015\/03\/tscwinden-LittleDancers_PowerGirls-300x181.jpg 300w\" sizes=\"auto, (max-width: 500px) 100vw, 500px\" \/><\/a>\u00a0 <a href=\"http:\/\/www.wir-in-winden.de\/wp-content\/uploads\/2015\/03\/tscwinden-PowerGirls.jpg\"><img loading=\"lazy\" decoding=\"async\" class=\"alignnone wp-image-6371\" src=\"http:\/\/www.wir-in-winden.de\/wp-content\/uploads\/2015\/03\/tscwinden-PowerGirls.jpg\" alt=\"tscwinden-PowerGirls\" width=\"500\" height=\"347\" srcset=\"https:\/\/www.wir-in-winden.de\/wp-content\/uploads\/2015\/03\/tscwinden-PowerGirls.jpg 716w, https:\/\/www.wir-in-winden.de\/wp-content\/uploads\/2015\/03\/tscwinden-PowerGirls-300x208.jpg 300w\" sizes=\"auto, (max-width: 500px) 100vw, 500px\" \/><\/a><\/p>\n","protected":false},"excerpt":{"rendered":"<p>Gleich drei Tanzgruppen des TSC Schwarz-Wei\u00df Winden machten sich am Samstagvormittag auf den Weg zum 5. Gro\u00dfen Tanzturnier des TSV Ph\u00f6nix Kaden. In der Kategorie Kinder traten die \u201eLittle Dancers\u201c mit ihrem Tanz \u201eSurvivor\u201c und die \u201ePower Girls\u201c mit \u201eMadagaskar\u201c an. Die Konkurrenz war gro\u00df &#8212; umso mehr jubelten die \u201eLittle Dancers\u201c mit ihren Trainerinnen [&hellip;]<\/p>\n","protected":false},"author":1,"featured_media":0,"comment_status":"open","ping_status":"open","sticky":false,"template":"","format":"standard","meta":{"footnotes":""},"categories":[46,18],"tags":[],"class_list":["post-6367","post","type-post","status-publish","format-standard","hentry","category-tsc","category-vfr-winden"],"_links":{"self":[{"href":"https:\/\/www.wir-in-winden.de\/index.php?rest_route=\/wp\/v2\/posts\/6367","targetHints":{"allow":["GET"]}}],"collection":[{"href":"https:\/\/www.wir-in-winden.de\/index.php?rest_route=\/wp\/v2\/posts"}],"about":[{"href":"https:\/\/www.wir-in-winden.de\/index.php?rest_route=\/wp\/v2\/types\/post"}],"author":[{"embeddable":true,"href":"https:\/\/www.wir-in-winden.de\/index.php?rest_route=\/wp\/v2\/users\/1"}],"replies":[{"embeddable":true,"href":"https:\/\/www.wir-in-winden.de\/index.php?rest_route=%2Fwp%2Fv2%2Fcomments&post=6367"}],"version-history":[{"count":2,"href":"https:\/\/www.wir-in-winden.de\/index.php?rest_route=\/wp\/v2\/posts\/6367\/revisions"}],"predecessor-version":[{"id":6373,"href":"https:\/\/www.wir-in-winden.de\/index.php?rest_route=\/wp\/v2\/posts\/6367\/revisions\/6373"}],"wp:attachment":[{"href":"https:\/\/www.wir-in-winden.de\/index.php?rest_route=%2Fwp%2Fv2%2Fmedia&parent=6367"}],"wp:term":[{"taxonomy":"category","embeddable":true,"href":"https:\/\/www.wir-in-winden.de\/index.php?rest_route=%2Fwp%2Fv2%2Fcategories&post=6367"},{"taxonomy":"post_tag","embeddable":true,"href":"https:\/\/www.wir-in-winden.de\/index.php?rest_route=%2Fwp%2Fv2%2Ftags&post=6367"}],"curies":[{"name":"wp","href":"https:\/\/api.w.org\/{rel}","templated":true}]}}