{"id":6365,"date":"2015-02-27T08:48:48","date_gmt":"2015-02-27T06:48:48","guid":{"rendered":"http:\/\/www.wir-in-winden.de\/?p=6365"},"modified":"2015-02-27T08:48:48","modified_gmt":"2015-02-27T06:48:48","slug":"neuer-yoga-kurs","status":"publish","type":"post","link":"https:\/\/www.wir-in-winden.de\/?p=6365","title":{"rendered":"Neuer Yoga-Kurs"},"content":{"rendered":"<p>Bettina Krau\u00df bietet in ihrem Seminarraum \u201cAuf dem Acker 3\u2033 einen neuen Yoga-Kurs an. Er findet immer freitags von 16.30 bis 18 Uhr statt und wird von der Wein\u00e4hrer Yoga-Lehrerin Erika K\u00fcnzel geleitet, die auch f\u00fcr die KVHS in Bad Ems t\u00e4tig ist. Die Kursgeb\u00fchr betr\u00e4gt zwischen f\u00fcnf und zehn Euro pro Nachmittag, je nach Anzahl der Teilnehmer und ist nur bei Teilnahme f\u00e4llig. Wer mitmachen m\u00f6chte, meldet sich bitte bei Bettina Krau\u00df unter Tel. 95 14 14.<\/p>\n","protected":false},"excerpt":{"rendered":"<p>Bettina Krau\u00df bietet in ihrem Seminarraum \u201cAuf dem Acker 3\u2033 einen neuen Yoga-Kurs an. Er findet immer freitags von 16.30 bis 18 Uhr statt und wird von der Wein\u00e4hrer Yoga-Lehrerin Erika K\u00fcnzel geleitet, die auch f\u00fcr die KVHS in Bad Ems t\u00e4tig ist. Die Kursgeb\u00fchr betr\u00e4gt zwischen f\u00fcnf und zehn Euro pro Nachmittag, je nach [&hellip;]<\/p>\n","protected":false},"author":1,"featured_media":0,"comment_status":"open","ping_status":"open","sticky":false,"template":"","format":"standard","meta":{"footnotes":""},"categories":[7],"tags":[],"class_list":["post-6365","post","type-post","status-publish","format-standard","hentry","category-allgemein"],"_links":{"self":[{"href":"https:\/\/www.wir-in-winden.de\/index.php?rest_route=\/wp\/v2\/posts\/6365","targetHints":{"allow":["GET"]}}],"collection":[{"href":"https:\/\/www.wir-in-winden.de\/index.php?rest_route=\/wp\/v2\/posts"}],"about":[{"href":"https:\/\/www.wir-in-winden.de\/index.php?rest_route=\/wp\/v2\/types\/post"}],"author":[{"embeddable":true,"href":"https:\/\/www.wir-in-winden.de\/index.php?rest_route=\/wp\/v2\/users\/1"}],"replies":[{"embeddable":true,"href":"https:\/\/www.wir-in-winden.de\/index.php?rest_route=%2Fwp%2Fv2%2Fcomments&post=6365"}],"version-history":[{"count":1,"href":"https:\/\/www.wir-in-winden.de\/index.php?rest_route=\/wp\/v2\/posts\/6365\/revisions"}],"predecessor-version":[{"id":6366,"href":"https:\/\/www.wir-in-winden.de\/index.php?rest_route=\/wp\/v2\/posts\/6365\/revisions\/6366"}],"wp:attachment":[{"href":"https:\/\/www.wir-in-winden.de\/index.php?rest_route=%2Fwp%2Fv2%2Fmedia&parent=6365"}],"wp:term":[{"taxonomy":"category","embeddable":true,"href":"https:\/\/www.wir-in-winden.de\/index.php?rest_route=%2Fwp%2Fv2%2Fcategories&post=6365"},{"taxonomy":"post_tag","embeddable":true,"href":"https:\/\/www.wir-in-winden.de\/index.php?rest_route=%2Fwp%2Fv2%2Ftags&post=6365"}],"curies":[{"name":"wp","href":"https:\/\/api.w.org\/{rel}","templated":true}]}}