{"id":6335,"date":"2015-01-24T09:19:09","date_gmt":"2015-01-24T07:19:09","guid":{"rendered":"http:\/\/www.wir-in-winden.de\/?p=6335"},"modified":"2015-01-24T09:19:29","modified_gmt":"2015-01-24T07:19:29","slug":"new-york-new-york-dream-teens-tanzen-ganz-vorne","status":"publish","type":"post","link":"https:\/\/www.wir-in-winden.de\/?p=6335","title":{"rendered":"New York: Dream Teens tanzen nach vorne"},"content":{"rendered":"<p>Einen gelungenen Auftakt im neuen Jahr hat die Showtanz-Gruppe <strong>\u201eDream Teens\u201c des TSC Schwarz-Wei\u00df Winden<\/strong> hingelegt. Beim Tanzfestival des VfB K\u00f6lbingen zeigten die 25 T\u00e4nzerinnen erstmalig ihren Tanz \u201eNew York\u201c. Die Zuschauer im Saal, die an diesem Abend als Jury \u00fcber ihren \u201ePublikumsliebling\u201c  per Stimmzettel entschieden, waren derart begeistert von der tollen Choreographie mit spektakul\u00e4ren Hebungen, dass sie die Windener Jugendlichen \u00fcberraschend auf Platz drei w\u00e4hlten. Ihren n\u00e4chsten Auftritt haben die Dream Teens und alle anderen TSC-Gruppen am kommenden Samstag, 31. Janaur, bei der Kappensitzung im B\u00fcrgerhaus Winden. Darauf freuen sie sich jetzt schon. <\/p>\n","protected":false},"excerpt":{"rendered":"<p>Einen gelungenen Auftakt im neuen Jahr hat die Showtanz-Gruppe \u201eDream Teens\u201c des TSC Schwarz-Wei\u00df Winden hingelegt. Beim Tanzfestival des VfB K\u00f6lbingen zeigten die 25 T\u00e4nzerinnen erstmalig ihren Tanz \u201eNew York\u201c. Die Zuschauer im Saal, die an diesem Abend als Jury \u00fcber ihren \u201ePublikumsliebling\u201c per Stimmzettel entschieden, waren derart begeistert von der tollen Choreographie mit spektakul\u00e4ren [&hellip;]<\/p>\n","protected":false},"author":1,"featured_media":0,"comment_status":"open","ping_status":"open","sticky":false,"template":"","format":"standard","meta":{"footnotes":""},"categories":[46,18],"tags":[],"class_list":["post-6335","post","type-post","status-publish","format-standard","hentry","category-tsc","category-vfr-winden"],"_links":{"self":[{"href":"https:\/\/www.wir-in-winden.de\/index.php?rest_route=\/wp\/v2\/posts\/6335","targetHints":{"allow":["GET"]}}],"collection":[{"href":"https:\/\/www.wir-in-winden.de\/index.php?rest_route=\/wp\/v2\/posts"}],"about":[{"href":"https:\/\/www.wir-in-winden.de\/index.php?rest_route=\/wp\/v2\/types\/post"}],"author":[{"embeddable":true,"href":"https:\/\/www.wir-in-winden.de\/index.php?rest_route=\/wp\/v2\/users\/1"}],"replies":[{"embeddable":true,"href":"https:\/\/www.wir-in-winden.de\/index.php?rest_route=%2Fwp%2Fv2%2Fcomments&post=6335"}],"version-history":[{"count":3,"href":"https:\/\/www.wir-in-winden.de\/index.php?rest_route=\/wp\/v2\/posts\/6335\/revisions"}],"predecessor-version":[{"id":6338,"href":"https:\/\/www.wir-in-winden.de\/index.php?rest_route=\/wp\/v2\/posts\/6335\/revisions\/6338"}],"wp:attachment":[{"href":"https:\/\/www.wir-in-winden.de\/index.php?rest_route=%2Fwp%2Fv2%2Fmedia&parent=6335"}],"wp:term":[{"taxonomy":"category","embeddable":true,"href":"https:\/\/www.wir-in-winden.de\/index.php?rest_route=%2Fwp%2Fv2%2Fcategories&post=6335"},{"taxonomy":"post_tag","embeddable":true,"href":"https:\/\/www.wir-in-winden.de\/index.php?rest_route=%2Fwp%2Fv2%2Ftags&post=6335"}],"curies":[{"name":"wp","href":"https:\/\/api.w.org\/{rel}","templated":true}]}}