{"id":6245,"date":"2014-12-04T08:06:59","date_gmt":"2014-12-04T06:06:59","guid":{"rendered":"http:\/\/www.wir-in-winden.de\/?p=6245"},"modified":"2014-12-04T08:06:59","modified_gmt":"2014-12-04T06:06:59","slug":"nikolausschiessen-der-schuetzengesellschaft","status":"publish","type":"post","link":"https:\/\/www.wir-in-winden.de\/?p=6245","title":{"rendered":"Nikolausschie\u00dfen der Sch\u00fctzengesellschaft"},"content":{"rendered":"<p>Das Nikolausschie\u00dfen 2014 der <strong>Sch\u00fctzengesellschaft Winden<\/strong> findet am <strong>Donnerstag, 11. Dezember,<\/strong> statt. Die Jugend beginnt um 19 Uhr, und die Erwachsenen schlie\u00dfen sich an. Geschossen wird Luftgewehr aufgelegt. Mit ein wenig Gl\u00fcck und Geschick hat jeder eine gute Chance auf den ein oder anderen Nikolaus. \u00dcber viele Teilnehmer freut sich der Vorstand der Sch\u00fctzengesellschaft.<\/p>\n","protected":false},"excerpt":{"rendered":"<p>Das Nikolausschie\u00dfen 2014 der Sch\u00fctzengesellschaft Winden findet am Donnerstag, 11. Dezember, statt. Die Jugend beginnt um 19 Uhr, und die Erwachsenen schlie\u00dfen sich an. Geschossen wird Luftgewehr aufgelegt. Mit ein wenig Gl\u00fcck und Geschick hat jeder eine gute Chance auf den ein oder anderen Nikolaus. \u00dcber viele Teilnehmer freut sich der Vorstand der Sch\u00fctzengesellschaft.<\/p>\n","protected":false},"author":1,"featured_media":0,"comment_status":"open","ping_status":"open","sticky":false,"template":"","format":"standard","meta":{"footnotes":""},"categories":[20],"tags":[],"class_list":["post-6245","post","type-post","status-publish","format-standard","hentry","category-schutzengesellschaft"],"_links":{"self":[{"href":"https:\/\/www.wir-in-winden.de\/index.php?rest_route=\/wp\/v2\/posts\/6245","targetHints":{"allow":["GET"]}}],"collection":[{"href":"https:\/\/www.wir-in-winden.de\/index.php?rest_route=\/wp\/v2\/posts"}],"about":[{"href":"https:\/\/www.wir-in-winden.de\/index.php?rest_route=\/wp\/v2\/types\/post"}],"author":[{"embeddable":true,"href":"https:\/\/www.wir-in-winden.de\/index.php?rest_route=\/wp\/v2\/users\/1"}],"replies":[{"embeddable":true,"href":"https:\/\/www.wir-in-winden.de\/index.php?rest_route=%2Fwp%2Fv2%2Fcomments&post=6245"}],"version-history":[{"count":1,"href":"https:\/\/www.wir-in-winden.de\/index.php?rest_route=\/wp\/v2\/posts\/6245\/revisions"}],"predecessor-version":[{"id":6246,"href":"https:\/\/www.wir-in-winden.de\/index.php?rest_route=\/wp\/v2\/posts\/6245\/revisions\/6246"}],"wp:attachment":[{"href":"https:\/\/www.wir-in-winden.de\/index.php?rest_route=%2Fwp%2Fv2%2Fmedia&parent=6245"}],"wp:term":[{"taxonomy":"category","embeddable":true,"href":"https:\/\/www.wir-in-winden.de\/index.php?rest_route=%2Fwp%2Fv2%2Fcategories&post=6245"},{"taxonomy":"post_tag","embeddable":true,"href":"https:\/\/www.wir-in-winden.de\/index.php?rest_route=%2Fwp%2Fv2%2Ftags&post=6245"}],"curies":[{"name":"wp","href":"https:\/\/api.w.org\/{rel}","templated":true}]}}