{"id":6233,"date":"2014-11-20T19:40:13","date_gmt":"2014-11-20T17:40:13","guid":{"rendered":"http:\/\/www.wir-in-winden.de\/?p=6233"},"modified":"2014-11-20T19:40:13","modified_gmt":"2014-11-20T17:40:13","slug":"erste-hilfe-kurs-bei-den-windener-schuetzen","status":"publish","type":"post","link":"https:\/\/www.wir-in-winden.de\/?p=6233","title":{"rendered":"Erste-Hilfe-Kurs bei den Windener Sch\u00fctzen"},"content":{"rendered":"<p>Die <strong>Sch\u00fctzengesellschaft 1960 Winden <\/strong>bietet f\u00fcr Ersthelfer und  F\u00fchrerscheinbewerber am <strong>Samstag, 20. Dezember, ab 9 Uhr<\/strong> einen Erste-Hilfe-Lehrgang des Deutschen Roten Kreuzes im <strong>Sch\u00fctzenhaus Winden (Am Forst)<\/strong> an. Der Lehrgang richtet sich auch an Personen, die nach langj\u00e4hrigem Besitz dieses Zertifikats an einer Auffrischung f\u00fcr Familie und Beruf interessiert sind.Normalerweise dauert dieser Kurs zwei Tage, durch Aufteilung in mehrere Gruppen kann er bei den Sch\u00fctzen an einem Tag absolviert werden.In der Mittagspause wird eine kleine Mahlzeit angeboten. Die Mindestteilnehmerzahl betr\u00e4gt f\u00fcr zwei Ausbildungsgruppen 20 Personen, der Kostenbeitrag bel\u00e4uft sich, je nach Teilnehmerzahl, auf 25 bis 30 Euro. Auch Nicht-Mitglieder des Sch\u00fctzenvereins sind herzlich willkommen. <\/p>\n<ul>\n<li>Meldung f\u00fcr die verbindliche Teilnahme bis sp\u00e4testens <strong>Samstag, 22. November, 15 Uhr, <\/strong>beim Gesch\u00e4ftsf\u00fchrer Sch\u00fctzengesellschaft 1960 Winden,<strong>Joachim von Koblinski<\/strong>, Tel. 02604\/9446998.<\/ul>\n<\/li>\n","protected":false},"excerpt":{"rendered":"<p>Die Sch\u00fctzengesellschaft 1960 Winden bietet f\u00fcr Ersthelfer und F\u00fchrerscheinbewerber am Samstag, 20. Dezember, ab 9 Uhr einen Erste-Hilfe-Lehrgang des Deutschen Roten Kreuzes im Sch\u00fctzenhaus Winden (Am Forst) an. Der Lehrgang richtet sich auch an Personen, die nach langj\u00e4hrigem Besitz dieses Zertifikats an einer Auffrischung f\u00fcr Familie und Beruf interessiert sind.Normalerweise dauert dieser Kurs zwei Tage, [&hellip;]<\/p>\n","protected":false},"author":1,"featured_media":0,"comment_status":"open","ping_status":"open","sticky":false,"template":"","format":"standard","meta":{"footnotes":""},"categories":[20],"tags":[],"class_list":["post-6233","post","type-post","status-publish","format-standard","hentry","category-schutzengesellschaft"],"_links":{"self":[{"href":"https:\/\/www.wir-in-winden.de\/index.php?rest_route=\/wp\/v2\/posts\/6233","targetHints":{"allow":["GET"]}}],"collection":[{"href":"https:\/\/www.wir-in-winden.de\/index.php?rest_route=\/wp\/v2\/posts"}],"about":[{"href":"https:\/\/www.wir-in-winden.de\/index.php?rest_route=\/wp\/v2\/types\/post"}],"author":[{"embeddable":true,"href":"https:\/\/www.wir-in-winden.de\/index.php?rest_route=\/wp\/v2\/users\/1"}],"replies":[{"embeddable":true,"href":"https:\/\/www.wir-in-winden.de\/index.php?rest_route=%2Fwp%2Fv2%2Fcomments&post=6233"}],"version-history":[{"count":1,"href":"https:\/\/www.wir-in-winden.de\/index.php?rest_route=\/wp\/v2\/posts\/6233\/revisions"}],"predecessor-version":[{"id":6234,"href":"https:\/\/www.wir-in-winden.de\/index.php?rest_route=\/wp\/v2\/posts\/6233\/revisions\/6234"}],"wp:attachment":[{"href":"https:\/\/www.wir-in-winden.de\/index.php?rest_route=%2Fwp%2Fv2%2Fmedia&parent=6233"}],"wp:term":[{"taxonomy":"category","embeddable":true,"href":"https:\/\/www.wir-in-winden.de\/index.php?rest_route=%2Fwp%2Fv2%2Fcategories&post=6233"},{"taxonomy":"post_tag","embeddable":true,"href":"https:\/\/www.wir-in-winden.de\/index.php?rest_route=%2Fwp%2Fv2%2Ftags&post=6233"}],"curies":[{"name":"wp","href":"https:\/\/api.w.org\/{rel}","templated":true}]}}