{"id":6229,"date":"2014-11-19T21:44:09","date_gmt":"2014-11-19T19:44:09","guid":{"rendered":"http:\/\/www.wir-in-winden.de\/?p=6229"},"modified":"2014-11-19T21:45:16","modified_gmt":"2014-11-19T19:45:16","slug":"windener-feierten-st-martin-nach-alter-tradition","status":"publish","type":"post","link":"https:\/\/www.wir-in-winden.de\/?p=6229","title":{"rendered":"Windener feierten St. Martin nach alter Tradition"},"content":{"rendered":"<div id=\"attachment_6230\" style=\"width: 510px\" class=\"wp-caption alignnone\"><a href=\"http:\/\/www.wir-in-winden.de\/wp-content\/uploads\/2014\/11\/StMartin2014.jpg\"><img loading=\"lazy\" decoding=\"async\" aria-describedby=\"caption-attachment-6230\" class=\"wp-image-6230\" src=\"http:\/\/www.wir-in-winden.de\/wp-content\/uploads\/2014\/11\/StMartin2014.jpg\" alt=\"StMartin2014\" width=\"500\" height=\"301\" srcset=\"https:\/\/www.wir-in-winden.de\/wp-content\/uploads\/2014\/11\/StMartin2014.jpg 886w, https:\/\/www.wir-in-winden.de\/wp-content\/uploads\/2014\/11\/StMartin2014-300x180.jpg 300w\" sizes=\"auto, (max-width: 500px) 100vw, 500px\" \/><\/a><p id=\"caption-attachment-6230\" class=\"wp-caption-text\">Die Helfer (v. li.) J\u00f6rg Ludwig, Peter Wolf, Thorsten Kustin, Olaf Sandmann und Detlef Clos.<\/p><\/div>\n<p>Der <strong>F\u00f6rderverein der Kindertagesst\u00e4tte Winden<\/strong> hat in Zusammenarbeit mit der <strong>Freiwilligen Feuerwehr Winden<\/strong> und der <strong>Ortsgemeinde<\/strong> das traditionelle St.-Martinsfest ausgerichtet. Im Vorfeld hatten flei\u00dfige H\u00e4nde ehrenamtlicher Helfer Holz f\u00fcr das Martinsfeuer auf der Wiese unterhalb der Grillh\u00fctte aufgeschichtet. Nach getaner Arbeit gab es Br\u00f6tchen, Fleischwurst und Kaffee.<\/p>\n<p>Am St. Martinstag f\u00fchrten die Kinder der Kindertagesst\u00e4tte zun\u00e4chst in der Kirche ein mit dem KiTa-Team einstudiertes wundersch\u00f6nes St\u00fcck \u00fcber die Lebensgeschichte des heiligen Martin auf. Anschlie\u00dfend f\u00fcllten die M\u00e4dchen und Jungen symbolisch <!--more--> einen Weihnachtsgeschenkkarton f\u00fcr Kinder armer L\u00e4nder. Die von der KiTa Winden initiierte Aktion \u201eWeihnachten im Schuhkarton\u201c wurde von vielen Familien mit Spenden unterst\u00fctzt.<\/p>\n<p>Nach den Vorf\u00fchrungen in der Kirche fand unter musikalischer Begleitung der Daubacher Musikkapelle und unter Aufsicht der &#8222;Jungs und M\u00e4dels&#8220; der freiwilligen Feuerwehr der Laternenumzug zur Grillh\u00fctte statt. Dort wurden w\u00e4hrend des Martinsfeuers die von der Gemeinde gespendeten s\u00fc\u00dfen Brezeln an die Kinder verteilt. Der Abschluss fand mit leckeren Bratw\u00fcrstchen, hei\u00dfem Gl\u00fchwein und f\u00fcr die Kinder kostenlosem hei\u00dfem Apfelsaft in und vor der sch\u00f6nen Grillh\u00fctte statt. Der Erl\u00f6s kommt einmal mehr zu 100 Prozent den Kindern KiTa Winden zugute. Daf\u00fcr bedankte sich der Vorsitzende des F\u00f6rdervereins, J\u00f6rg Ludwig.<\/p>\n","protected":false},"excerpt":{"rendered":"<p>Der F\u00f6rderverein der Kindertagesst\u00e4tte Winden hat in Zusammenarbeit mit der Freiwilligen Feuerwehr Winden und der Ortsgemeinde das traditionelle St.-Martinsfest ausgerichtet. Im Vorfeld hatten flei\u00dfige H\u00e4nde ehrenamtlicher Helfer Holz f\u00fcr das Martinsfeuer auf der Wiese unterhalb der Grillh\u00fctte aufgeschichtet. Nach getaner Arbeit gab es Br\u00f6tchen, Fleischwurst und Kaffee. Am St. Martinstag f\u00fchrten die Kinder der Kindertagesst\u00e4tte [&hellip;]<\/p>\n","protected":false},"author":1,"featured_media":0,"comment_status":"open","ping_status":"open","sticky":false,"template":"","format":"standard","meta":{"footnotes":""},"categories":[60],"tags":[],"class_list":["post-6229","post","type-post","status-publish","format-standard","hentry","category-kita"],"_links":{"self":[{"href":"https:\/\/www.wir-in-winden.de\/index.php?rest_route=\/wp\/v2\/posts\/6229","targetHints":{"allow":["GET"]}}],"collection":[{"href":"https:\/\/www.wir-in-winden.de\/index.php?rest_route=\/wp\/v2\/posts"}],"about":[{"href":"https:\/\/www.wir-in-winden.de\/index.php?rest_route=\/wp\/v2\/types\/post"}],"author":[{"embeddable":true,"href":"https:\/\/www.wir-in-winden.de\/index.php?rest_route=\/wp\/v2\/users\/1"}],"replies":[{"embeddable":true,"href":"https:\/\/www.wir-in-winden.de\/index.php?rest_route=%2Fwp%2Fv2%2Fcomments&post=6229"}],"version-history":[{"count":2,"href":"https:\/\/www.wir-in-winden.de\/index.php?rest_route=\/wp\/v2\/posts\/6229\/revisions"}],"predecessor-version":[{"id":6232,"href":"https:\/\/www.wir-in-winden.de\/index.php?rest_route=\/wp\/v2\/posts\/6229\/revisions\/6232"}],"wp:attachment":[{"href":"https:\/\/www.wir-in-winden.de\/index.php?rest_route=%2Fwp%2Fv2%2Fmedia&parent=6229"}],"wp:term":[{"taxonomy":"category","embeddable":true,"href":"https:\/\/www.wir-in-winden.de\/index.php?rest_route=%2Fwp%2Fv2%2Fcategories&post=6229"},{"taxonomy":"post_tag","embeddable":true,"href":"https:\/\/www.wir-in-winden.de\/index.php?rest_route=%2Fwp%2Fv2%2Ftags&post=6229"}],"curies":[{"name":"wp","href":"https:\/\/api.w.org\/{rel}","templated":true}]}}