{"id":6215,"date":"2014-11-12T09:19:46","date_gmt":"2014-11-12T07:19:46","guid":{"rendered":"http:\/\/www.wir-in-winden.de\/?p=6215"},"modified":"2014-11-12T09:25:02","modified_gmt":"2014-11-12T07:25:02","slug":"der-neue-dorfkalender-2015-ist-da","status":"publish","type":"post","link":"https:\/\/www.wir-in-winden.de\/?p=6215","title":{"rendered":"&#8222;Einst und Jetzt&#8220;: Der Dorfkalender 2015 ist da"},"content":{"rendered":"<div id=\"attachment_6216\" style=\"width: 512px\" class=\"wp-caption alignnone\"><a href=\"http:\/\/www.wir-in-winden.de\/wp-content\/uploads\/2014\/11\/dorfkalender2.jpg\"><img loading=\"lazy\" decoding=\"async\" aria-describedby=\"caption-attachment-6216\" class=\"wp-image-6216\" src=\"http:\/\/www.wir-in-winden.de\/wp-content\/uploads\/2014\/11\/dorfkalender2.jpg\" alt=\"dorfkalender2\" width=\"502\" height=\"344\" srcset=\"https:\/\/www.wir-in-winden.de\/wp-content\/uploads\/2014\/11\/dorfkalender2.jpg 886w, https:\/\/www.wir-in-winden.de\/wp-content\/uploads\/2014\/11\/dorfkalender2-300x205.jpg 300w\" sizes=\"auto, (max-width: 502px) 100vw, 502px\" \/><\/a><p id=\"caption-attachment-6216\" class=\"wp-caption-text\">Gesellige Momente f\u00fcr Jung und Alt zeigt das Julibild. Repros: J\u00fcrgen Jachtenfuchs<\/p><\/div>\n<p>&#8222;Einst und Jetzt \u2013 Einblicke in das Gemeindeleben&#8220; &#8211; so lautet der Titel des neuen Heimatkalenders 2015 f\u00fcr Winden, der ab sofort im <strong>Windener Dorfladen<\/strong> einzusehen ist. Herausgeber sind Heimatfotograf <strong>J\u00fcrgen Jachtenfuchs<\/strong> aus Nievern und die <strong>Ortsgemeinde Winden<\/strong>.<br \/>\nDer neue Heimatkalender enth\u00e4lt viele interessante, idyllische Fotomotive aus der Gemeinde Winden und gew\u00e4hrt Einblicke in eine attraktive Gemeinde. Getreu dem Titel \u201eEinst und Jetzt\u201c kann der Betrachter die Entwicklung der Ortsgemeinde im Laufe der Zeit verfolgen. Der Kalender umfasst 26 Seiten und zeigt neue und alte Fotos, die Ver\u00e4nderungen im Dorf erkennen lassen. Au\u00dferdem enth\u00e4lt der Kalender viele wichtige Informationen f\u00fcr den Alltag im kommenden Jahr.<!--more--><\/p>\n<p>Interessant sein d\u00fcrften f\u00fcr viele Windener auch die R\u00fcckseiten des Kalenders. Denn dort finden sich unter anderem aktuelle Fotos von Geb\u00e4uden, ein Portr\u00e4t des Vereins \u201eKinder von Tschernobyl Winden\u201c, ein Bericht \u00fcber die ehemalige Poststelle Winden, ein Bericht \u00fcber die Windener \u201eSchinkengilde\u201c und andere ortsgeschichtliche Themen. Der &#8222;Windener Heimatkalender 2015&#8220; hilft mit seiner Vielzahl von Informationen sicherlich vielen B\u00fcrgern bei der Organisation der im Jahre 2015 anfallenden Termine in der Gemeinde, w\u00e4hrend der Ferien und bei der privaten Organisation.<\/p>\n<ul>\n<li>Der Kalender kann bestellt werden bei:<br \/>\nOrtsb\u00fcrgermeister Gebhard Linscheid, Vor dem Wald 11, Tel. 94 24 65;<br \/>\nSandra Eifler, Schulstr. 32, Tel. 42 47,<br \/>\nGerald Eschenauer, Neuer Weg 8, Tel. 55 70<br \/>\nJ\u00fcrgen Jachtenfuchs, Nievern, Mittelstr. 5, Tel. 02603\/138 02 oder per E-Mail unter Foto.Juergen.Jachtenfuchs@t-online.de.<br \/>\nDie bestellten Kalender k\u00f6nnen ab dem 12. Dez. 2014 im \u201eDorfladen\u201c abgeholt werden.<\/li>\n<\/ul>\n<div id=\"attachment_6219\" style=\"width: 512px\" class=\"wp-caption alignnone\"><a href=\"http:\/\/www.wir-in-winden.de\/wp-content\/uploads\/2014\/11\/dorfkalender1.jpg\"><img loading=\"lazy\" decoding=\"async\" aria-describedby=\"caption-attachment-6219\" class=\"wp-image-6219\" src=\"http:\/\/www.wir-in-winden.de\/wp-content\/uploads\/2014\/11\/dorfkalender1.jpg\" alt=\"dorfkalender1\" width=\"502\" height=\"341\" srcset=\"https:\/\/www.wir-in-winden.de\/wp-content\/uploads\/2014\/11\/dorfkalender1.jpg 886w, https:\/\/www.wir-in-winden.de\/wp-content\/uploads\/2014\/11\/dorfkalender1-300x203.jpg 300w\" sizes=\"auto, (max-width: 502px) 100vw, 502px\" \/><\/a><p id=\"caption-attachment-6219\" class=\"wp-caption-text\">Motive der Windener Kirmes zeigt das Kalenderblatt f\u00fcr den Monat September.<\/p><\/div>\n","protected":false},"excerpt":{"rendered":"<p>&#8222;Einst und Jetzt \u2013 Einblicke in das Gemeindeleben&#8220; &#8211; so lautet der Titel des neuen Heimatkalenders 2015 f\u00fcr Winden, der ab sofort im Windener Dorfladen einzusehen ist. Herausgeber sind Heimatfotograf J\u00fcrgen Jachtenfuchs aus Nievern und die Ortsgemeinde Winden. Der neue Heimatkalender enth\u00e4lt viele interessante, idyllische Fotomotive aus der Gemeinde Winden und gew\u00e4hrt Einblicke in eine [&hellip;]<\/p>\n","protected":false},"author":1,"featured_media":0,"comment_status":"open","ping_status":"open","sticky":false,"template":"","format":"standard","meta":{"footnotes":""},"categories":[7],"tags":[],"class_list":["post-6215","post","type-post","status-publish","format-standard","hentry","category-allgemein"],"_links":{"self":[{"href":"https:\/\/www.wir-in-winden.de\/index.php?rest_route=\/wp\/v2\/posts\/6215","targetHints":{"allow":["GET"]}}],"collection":[{"href":"https:\/\/www.wir-in-winden.de\/index.php?rest_route=\/wp\/v2\/posts"}],"about":[{"href":"https:\/\/www.wir-in-winden.de\/index.php?rest_route=\/wp\/v2\/types\/post"}],"author":[{"embeddable":true,"href":"https:\/\/www.wir-in-winden.de\/index.php?rest_route=\/wp\/v2\/users\/1"}],"replies":[{"embeddable":true,"href":"https:\/\/www.wir-in-winden.de\/index.php?rest_route=%2Fwp%2Fv2%2Fcomments&post=6215"}],"version-history":[{"count":6,"href":"https:\/\/www.wir-in-winden.de\/index.php?rest_route=\/wp\/v2\/posts\/6215\/revisions"}],"predecessor-version":[{"id":6223,"href":"https:\/\/www.wir-in-winden.de\/index.php?rest_route=\/wp\/v2\/posts\/6215\/revisions\/6223"}],"wp:attachment":[{"href":"https:\/\/www.wir-in-winden.de\/index.php?rest_route=%2Fwp%2Fv2%2Fmedia&parent=6215"}],"wp:term":[{"taxonomy":"category","embeddable":true,"href":"https:\/\/www.wir-in-winden.de\/index.php?rest_route=%2Fwp%2Fv2%2Fcategories&post=6215"},{"taxonomy":"post_tag","embeddable":true,"href":"https:\/\/www.wir-in-winden.de\/index.php?rest_route=%2Fwp%2Fv2%2Ftags&post=6215"}],"curies":[{"name":"wp","href":"https:\/\/api.w.org\/{rel}","templated":true}]}}