{"id":6065,"date":"2014-08-08T19:35:12","date_gmt":"2014-08-08T17:35:12","guid":{"rendered":"http:\/\/www.wir-in-winden.de\/?p=6065"},"modified":"2014-08-08T19:37:41","modified_gmt":"2014-08-08T17:37:41","slug":"winden-gibt-fusion-mit-bad-ems-den-vorzug","status":"publish","type":"post","link":"https:\/\/www.wir-in-winden.de\/?p=6065","title":{"rendered":"Winden gibt Fusion mit Bad Ems den Vorzug"},"content":{"rendered":"<p>Die Ortsgemeinde Winden wird die Verbandsgemeinde Nassau nach Kr\u00e4ften unterst\u00fctzen, in ihrem Namen \u00fcber die Bildung einer Verwaltungseinheit mit einem potentiellen Fusionspartner, vorzugsweise mit der Verbandsgemeinde Bad Ems, zu verhandeln. Dies hat der Ortsgemeinderat in seiner j\u00fcngsten Sitzung einstimmig beschlossen. Weiter halten es die Ratsmitglieder f\u00fcr w\u00fcnschenswert, dass sich alle Ortsgemeinden der bis 2019 vorgesehenen Fusion der VG Nassau anschlie\u00dfen. Endg\u00fcltige Entscheidungen sollten aber erst nach Bekanntgabe der bevorstehenden Verhandlungsergebnissen fallen.<\/p>\n<p>Ortsb\u00fcrgermeister <strong>Gebhard Linscheid<\/strong> berichtete, dass am 16. September Sondierungsgespr\u00e4che mit der Verbandsgemeinde Katzenelnbogen gef\u00fchrt werden, am 1. Oktober folgen Gespr\u00e4che mit der VG Bad Ems. Ratmitglied <strong>Matthias Uhle<\/strong> meinte, dass die geografische Lage eher f\u00fcr eine Fusion mit Bad Ems als mit dem Einrich spreche. F\u00fcr die VG Nassau als vernachl\u00e4ssigter Raum sei es zudem wichtig, dass das Oberzentrum Koblenz gest\u00e4rkt wird; auch dies spreche f\u00fcr Bad Ems. <strong>Bernd Schendel<\/strong> sagte, dass es nach wie vor auch Gr\u00fcnde f\u00fcr den Erhalt einer eigenst\u00e4ndigen VG Nassau gebe. Dem hielt Ortschef Linscheid entgegen, dass nach der Kommunalwahl diese Alternative wohl kaum noch bestehe. Seien doch jene Fraktionen gest\u00e4rkt worden, die sich bereits f\u00fcr eine Fusion ausgesprochen h\u00e4tten. <\/p>\n<p>Laut einem Gutachten der Universit\u00e4t Kaiserslautern gibt es f\u00fcr die VG Nassau hinsichtlich der zu geringen Einwohnerzahl, Fl\u00e4che und Zahl der Ortsgemeinden Fusionsbedarf. Wie <strong>Janusch Rommersbach<\/strong> von einer Veranstaltung mit Staassekret\u00e4r G\u00fcnter Kern (SPD) in der Stadthalle Nassau berichtete, gibt es Problemschwerpunkte unter anderem in den Bereichen Kinderg\u00e4rten, Brandschutz, Verbandsgemeindewerken, Schulden, Personal und dem Zeitrahmen. <\/p>\n","protected":false},"excerpt":{"rendered":"<p>Die Ortsgemeinde Winden wird die Verbandsgemeinde Nassau nach Kr\u00e4ften unterst\u00fctzen, in ihrem Namen \u00fcber die Bildung einer Verwaltungseinheit mit einem potentiellen Fusionspartner, vorzugsweise mit der Verbandsgemeinde Bad Ems, zu verhandeln. Dies hat der Ortsgemeinderat in seiner j\u00fcngsten Sitzung einstimmig beschlossen. Weiter halten es die Ratsmitglieder f\u00fcr w\u00fcnschenswert, dass sich alle Ortsgemeinden der bis 2019 vorgesehenen [&hellip;]<\/p>\n","protected":false},"author":1,"featured_media":0,"comment_status":"open","ping_status":"open","sticky":false,"template":"","format":"standard","meta":{"footnotes":""},"categories":[5],"tags":[],"class_list":["post-6065","post","type-post","status-publish","format-standard","hentry","category-gemeinderat"],"_links":{"self":[{"href":"https:\/\/www.wir-in-winden.de\/index.php?rest_route=\/wp\/v2\/posts\/6065","targetHints":{"allow":["GET"]}}],"collection":[{"href":"https:\/\/www.wir-in-winden.de\/index.php?rest_route=\/wp\/v2\/posts"}],"about":[{"href":"https:\/\/www.wir-in-winden.de\/index.php?rest_route=\/wp\/v2\/types\/post"}],"author":[{"embeddable":true,"href":"https:\/\/www.wir-in-winden.de\/index.php?rest_route=\/wp\/v2\/users\/1"}],"replies":[{"embeddable":true,"href":"https:\/\/www.wir-in-winden.de\/index.php?rest_route=%2Fwp%2Fv2%2Fcomments&post=6065"}],"version-history":[{"count":4,"href":"https:\/\/www.wir-in-winden.de\/index.php?rest_route=\/wp\/v2\/posts\/6065\/revisions"}],"predecessor-version":[{"id":6069,"href":"https:\/\/www.wir-in-winden.de\/index.php?rest_route=\/wp\/v2\/posts\/6065\/revisions\/6069"}],"wp:attachment":[{"href":"https:\/\/www.wir-in-winden.de\/index.php?rest_route=%2Fwp%2Fv2%2Fmedia&parent=6065"}],"wp:term":[{"taxonomy":"category","embeddable":true,"href":"https:\/\/www.wir-in-winden.de\/index.php?rest_route=%2Fwp%2Fv2%2Fcategories&post=6065"},{"taxonomy":"post_tag","embeddable":true,"href":"https:\/\/www.wir-in-winden.de\/index.php?rest_route=%2Fwp%2Fv2%2Ftags&post=6065"}],"curies":[{"name":"wp","href":"https:\/\/api.w.org\/{rel}","templated":true}]}}