{"id":5969,"date":"2014-06-24T21:19:42","date_gmt":"2014-06-24T19:19:42","guid":{"rendered":"http:\/\/www.wir-in-winden.de\/?p=5969"},"modified":"2014-06-24T21:19:42","modified_gmt":"2014-06-24T19:19:42","slug":"noch-zwei-freie-plaetze-fuer-yoga-kurs","status":"publish","type":"post","link":"https:\/\/www.wir-in-winden.de\/?p=5969","title":{"rendered":"Noch zwei freie Pl\u00e4tze f\u00fcr Yoga-Kurs"},"content":{"rendered":"<p><strong>Bettina Krau\u00df <\/strong>bietet in ihrem Seminarraum \u201cAuf dem Acker 3\u2033 einen neuen Yoga-Kurs an, der am Montag, 30. Juni, jeweils von 19 bis 20.30 Uhr, beginnt und bis 1. September dauert. Dozentin ist die Yoga-Lehrerin Andrea Schang, die derzeit im Auftrag der Volkshochschule zwei Kurse in Nassau und Bad Ems veranstaltet.<br \/>\nF\u00fcr den Kurs sind jetzt zwei Pl\u00e4tze freigeworden. Wer mitmachen m\u00f6chte, meldet sich bitte bei Bettina Krau\u00df unter Tel. 95 14 14. Die Kursgeb\u00fchr betr\u00e4gt 55 Euro. <\/p>\n","protected":false},"excerpt":{"rendered":"<p>Bettina Krau\u00df bietet in ihrem Seminarraum \u201cAuf dem Acker 3\u2033 einen neuen Yoga-Kurs an, der am Montag, 30. Juni, jeweils von 19 bis 20.30 Uhr, beginnt und bis 1. September dauert. Dozentin ist die Yoga-Lehrerin Andrea Schang, die derzeit im Auftrag der Volkshochschule zwei Kurse in Nassau und Bad Ems veranstaltet. F\u00fcr den Kurs sind [&hellip;]<\/p>\n","protected":false},"author":1,"featured_media":0,"comment_status":"open","ping_status":"open","sticky":false,"template":"","format":"standard","meta":{"footnotes":""},"categories":[7],"tags":[],"class_list":["post-5969","post","type-post","status-publish","format-standard","hentry","category-allgemein"],"_links":{"self":[{"href":"https:\/\/www.wir-in-winden.de\/index.php?rest_route=\/wp\/v2\/posts\/5969","targetHints":{"allow":["GET"]}}],"collection":[{"href":"https:\/\/www.wir-in-winden.de\/index.php?rest_route=\/wp\/v2\/posts"}],"about":[{"href":"https:\/\/www.wir-in-winden.de\/index.php?rest_route=\/wp\/v2\/types\/post"}],"author":[{"embeddable":true,"href":"https:\/\/www.wir-in-winden.de\/index.php?rest_route=\/wp\/v2\/users\/1"}],"replies":[{"embeddable":true,"href":"https:\/\/www.wir-in-winden.de\/index.php?rest_route=%2Fwp%2Fv2%2Fcomments&post=5969"}],"version-history":[{"count":1,"href":"https:\/\/www.wir-in-winden.de\/index.php?rest_route=\/wp\/v2\/posts\/5969\/revisions"}],"predecessor-version":[{"id":5970,"href":"https:\/\/www.wir-in-winden.de\/index.php?rest_route=\/wp\/v2\/posts\/5969\/revisions\/5970"}],"wp:attachment":[{"href":"https:\/\/www.wir-in-winden.de\/index.php?rest_route=%2Fwp%2Fv2%2Fmedia&parent=5969"}],"wp:term":[{"taxonomy":"category","embeddable":true,"href":"https:\/\/www.wir-in-winden.de\/index.php?rest_route=%2Fwp%2Fv2%2Fcategories&post=5969"},{"taxonomy":"post_tag","embeddable":true,"href":"https:\/\/www.wir-in-winden.de\/index.php?rest_route=%2Fwp%2Fv2%2Ftags&post=5969"}],"curies":[{"name":"wp","href":"https:\/\/api.w.org\/{rel}","templated":true}]}}