{"id":5942,"date":"2014-06-24T19:33:36","date_gmt":"2014-06-24T17:33:36","guid":{"rendered":"http:\/\/www.wir-in-winden.de\/?p=5942"},"modified":"2014-06-25T07:08:48","modified_gmt":"2014-06-25T05:08:48","slug":"buergerverein-macht-ausflug-nach-braunfels","status":"publish","type":"post","link":"https:\/\/www.wir-in-winden.de\/?p=5942","title":{"rendered":"B\u00fcrgerverein f\u00e4hrt nach Braunfels"},"content":{"rendered":"<p>Der <strong>B\u00fcrgerverein Winden<\/strong> bietet Mitgliedern und Nichtmitgliedern am <strong>Samstag, 19. Juli,<\/strong> einen Ausflug nach Braunfels (Lahn-Dill-Kreis) an. Abfahrt ist um<strong> 9.30 Uhr am B\u00fcrgerhaus<\/strong>. Nach Ankunft in Braunfels gegen 11 Uhr werden die Teilnehmer bei einer Stadtf\u00fchrung den sehenswerten, malerischen Ort kennenlernen. F\u00fcr das Mittagessen bieten sich im Ort verschiedene Restaurants an.<\/p>\n<p><img loading=\"lazy\" decoding=\"async\" class=\"alignnone\" src=\"http:\/\/www.wir-in-winden.de\/wp-content\/uploads\/2014\/06\/b\u00fcrgerverein-logo.jpg\" alt=\"b\u00fcrgerverein-logo\" width=\"240\" height=\"170\" align=\"right\" hspace=\"10\"\/>Vor der Weiterfahrt ist noch Gelegenheit f\u00fcr weitere Entdeckungen, zum Beispiel eine Schlossf\u00fchrung. Die R\u00fcckfahrt soll quer durch den Westerwald f\u00fchren mit einem Stopp in \u201eIrgendwo\u201c. R\u00fcckkehr in Winden ist gegen 18.30 Uhr.<br \/>\nDer Kostenbeitrag, der im Bus kassiert wird, betr\u00e4gt zw\u00f6lf Euro f\u00fcr Erwachsene; Kinder bis 14 Jahren sind frei. Die Fahrt wird bei Anmeldung von 25 Personen durchgef\u00fchrt. Anmeldungen erbeten bis zum 5. Juli bei <strong>Manfred Hilger<\/strong>, Tel. 95 21 39, E-Mail: <a href=\"mailto:%20manner.hilger@gmx.de\">manner.hilger@gmx.de<\/a><br \/>\noder auf dem Abschnitt, der im Dorfladen abgegeben werden kann. Zum Downlad <a href=\"http:\/\/www.wir-in-winden.de\/wp-content\/uploads\/Service\/Ganztagesausflug 2014.pdf\" target=\"_blank\">hier<\/a>.<\/p>\n<p>Schon jetzt weist der B\u00fcrgerverein auf seine Wanderung am 27. September im Gelbachtal hin. Schlusseinkehr ist in der \u201eWirzenborner Liss\u201c.\u00a0 Weitere Informationen gibt es wie immer rechtzeitig vor der Wanderung.<\/p>\n","protected":false},"excerpt":{"rendered":"<p>Der B\u00fcrgerverein Winden bietet Mitgliedern und Nichtmitgliedern am Samstag, 19. Juli, einen Ausflug nach Braunfels (Lahn-Dill-Kreis) an. Abfahrt ist um 9.30 Uhr am B\u00fcrgerhaus. Nach Ankunft in Braunfels gegen 11 Uhr werden die Teilnehmer bei einer Stadtf\u00fchrung den sehenswerten, malerischen Ort kennenlernen. F\u00fcr das Mittagessen bieten sich im Ort verschiedene Restaurants an. Vor der Weiterfahrt [&hellip;]<\/p>\n","protected":false},"author":1,"featured_media":0,"comment_status":"open","ping_status":"open","sticky":false,"template":"","format":"standard","meta":{"footnotes":""},"categories":[6],"tags":[],"class_list":["post-5942","post","type-post","status-publish","format-standard","hentry","category-burgerverein"],"_links":{"self":[{"href":"https:\/\/www.wir-in-winden.de\/index.php?rest_route=\/wp\/v2\/posts\/5942","targetHints":{"allow":["GET"]}}],"collection":[{"href":"https:\/\/www.wir-in-winden.de\/index.php?rest_route=\/wp\/v2\/posts"}],"about":[{"href":"https:\/\/www.wir-in-winden.de\/index.php?rest_route=\/wp\/v2\/types\/post"}],"author":[{"embeddable":true,"href":"https:\/\/www.wir-in-winden.de\/index.php?rest_route=\/wp\/v2\/users\/1"}],"replies":[{"embeddable":true,"href":"https:\/\/www.wir-in-winden.de\/index.php?rest_route=%2Fwp%2Fv2%2Fcomments&post=5942"}],"version-history":[{"count":32,"href":"https:\/\/www.wir-in-winden.de\/index.php?rest_route=\/wp\/v2\/posts\/5942\/revisions"}],"predecessor-version":[{"id":5977,"href":"https:\/\/www.wir-in-winden.de\/index.php?rest_route=\/wp\/v2\/posts\/5942\/revisions\/5977"}],"wp:attachment":[{"href":"https:\/\/www.wir-in-winden.de\/index.php?rest_route=%2Fwp%2Fv2%2Fmedia&parent=5942"}],"wp:term":[{"taxonomy":"category","embeddable":true,"href":"https:\/\/www.wir-in-winden.de\/index.php?rest_route=%2Fwp%2Fv2%2Fcategories&post=5942"},{"taxonomy":"post_tag","embeddable":true,"href":"https:\/\/www.wir-in-winden.de\/index.php?rest_route=%2Fwp%2Fv2%2Ftags&post=5942"}],"curies":[{"name":"wp","href":"https:\/\/api.w.org\/{rel}","templated":true}]}}