{"id":5939,"date":"2014-06-23T15:54:48","date_gmt":"2014-06-23T13:54:48","guid":{"rendered":"http:\/\/www.wir-in-winden.de\/?p=5939"},"modified":"2014-06-23T15:55:38","modified_gmt":"2014-06-23T13:55:38","slug":"neugewaehlter-gemeinderat-tritt-zusammen","status":"publish","type":"post","link":"https:\/\/www.wir-in-winden.de\/?p=5939","title":{"rendered":"Neugew\u00e4hlter Gemeinderat tritt zusammen"},"content":{"rendered":"<p>Zu seiner konstituierenden Sitzung kommt der Windener Ortsgemeinderat am <strong>Freitag, 27. Juni, 19 Uhr,<\/strong> im <strong>Pfarrheim<\/strong> zusammen. Wichtigster Punkt auf der Tagesordnung ist die Ernennung von Ortsb\u00fcrgereister<strong> Gebhard Linscheid<\/strong>, der bei der Kommunalwahl am 25. Mai f\u00fcr eine dritte Ammtszeit gew\u00e4hlt worden ist. Weiterhin werden die Ratsmitglieder verpflichtet und die beiden Ortsbeigeordneten gew\u00e4hlt und anschlie\u00dfend vereidigt. Au\u00dferdem auf der Tagesordnung stehen die Neufassung der gemeindlichen Hauptsatzung und die Wahl eines Rechnungspr\u00fcfungsausschusses. <\/p>\n","protected":false},"excerpt":{"rendered":"<p>Zu seiner konstituierenden Sitzung kommt der Windener Ortsgemeinderat am Freitag, 27. Juni, 19 Uhr, im Pfarrheim zusammen. Wichtigster Punkt auf der Tagesordnung ist die Ernennung von Ortsb\u00fcrgereister Gebhard Linscheid, der bei der Kommunalwahl am 25. Mai f\u00fcr eine dritte Ammtszeit gew\u00e4hlt worden ist. Weiterhin werden die Ratsmitglieder verpflichtet und die beiden Ortsbeigeordneten gew\u00e4hlt und anschlie\u00dfend [&hellip;]<\/p>\n","protected":false},"author":1,"featured_media":0,"comment_status":"open","ping_status":"open","sticky":false,"template":"","format":"standard","meta":{"footnotes":""},"categories":[5],"tags":[],"class_list":["post-5939","post","type-post","status-publish","format-standard","hentry","category-gemeinderat"],"_links":{"self":[{"href":"https:\/\/www.wir-in-winden.de\/index.php?rest_route=\/wp\/v2\/posts\/5939","targetHints":{"allow":["GET"]}}],"collection":[{"href":"https:\/\/www.wir-in-winden.de\/index.php?rest_route=\/wp\/v2\/posts"}],"about":[{"href":"https:\/\/www.wir-in-winden.de\/index.php?rest_route=\/wp\/v2\/types\/post"}],"author":[{"embeddable":true,"href":"https:\/\/www.wir-in-winden.de\/index.php?rest_route=\/wp\/v2\/users\/1"}],"replies":[{"embeddable":true,"href":"https:\/\/www.wir-in-winden.de\/index.php?rest_route=%2Fwp%2Fv2%2Fcomments&post=5939"}],"version-history":[{"count":2,"href":"https:\/\/www.wir-in-winden.de\/index.php?rest_route=\/wp\/v2\/posts\/5939\/revisions"}],"predecessor-version":[{"id":5941,"href":"https:\/\/www.wir-in-winden.de\/index.php?rest_route=\/wp\/v2\/posts\/5939\/revisions\/5941"}],"wp:attachment":[{"href":"https:\/\/www.wir-in-winden.de\/index.php?rest_route=%2Fwp%2Fv2%2Fmedia&parent=5939"}],"wp:term":[{"taxonomy":"category","embeddable":true,"href":"https:\/\/www.wir-in-winden.de\/index.php?rest_route=%2Fwp%2Fv2%2Fcategories&post=5939"},{"taxonomy":"post_tag","embeddable":true,"href":"https:\/\/www.wir-in-winden.de\/index.php?rest_route=%2Fwp%2Fv2%2Ftags&post=5939"}],"curies":[{"name":"wp","href":"https:\/\/api.w.org\/{rel}","templated":true}]}}