{"id":5856,"date":"2014-05-20T20:13:42","date_gmt":"2014-05-20T18:13:42","guid":{"rendered":"http:\/\/www.wir-in-winden.de\/?p=5856"},"modified":"2014-05-20T20:13:42","modified_gmt":"2014-05-20T18:13:42","slug":"yoga-kurs-in-winden-geplant","status":"publish","type":"post","link":"https:\/\/www.wir-in-winden.de\/?p=5856","title":{"rendered":"Yoga-Kurs in Winden geplant"},"content":{"rendered":"<p><strong>Bettina Krau\u00df<\/strong> will in ihrem Seminarraum &#8222;Auf dem Acker 3&#8220; einen neuen Yoga-Kurs anbieten. Dozentin ist die Yoga-Lehrerin <strong>Andrea Schang<\/strong>, die derzeit im Auftrag der Volkshochschule zwei Kurse in Nassau und Bad Ems veranstaltet. Diese Kurse gehen \u00fcber zehn Wochen, jeweils eineinhalb \u00dcbungsstunden. Die Kosten liegen bei 60 bis 80 Euro, je nach Anzahl der Teilnehmer. Wer macht mit?<\/p>\n<p>Der Mittwoch-Yoga-Kurs in der Hufelandklinik geht von 19 bis gegen 20.30 Uhr. Wer dort mitmachen bei Bettina Krau\u00df mitfahren m\u00f6chte, wird gebeten, m\u00f6glichst bald Bescheid zu geben (Tel. 95 14 14). Abfahrt ist etwa 18.40 Uhr. <\/p>\n","protected":false},"excerpt":{"rendered":"<p>Bettina Krau\u00df will in ihrem Seminarraum &#8222;Auf dem Acker 3&#8220; einen neuen Yoga-Kurs anbieten. Dozentin ist die Yoga-Lehrerin Andrea Schang, die derzeit im Auftrag der Volkshochschule zwei Kurse in Nassau und Bad Ems veranstaltet. Diese Kurse gehen \u00fcber zehn Wochen, jeweils eineinhalb \u00dcbungsstunden. Die Kosten liegen bei 60 bis 80 Euro, je nach Anzahl der [&hellip;]<\/p>\n","protected":false},"author":1,"featured_media":0,"comment_status":"open","ping_status":"open","sticky":false,"template":"","format":"standard","meta":{"footnotes":""},"categories":[7],"tags":[],"class_list":["post-5856","post","type-post","status-publish","format-standard","hentry","category-allgemein"],"_links":{"self":[{"href":"https:\/\/www.wir-in-winden.de\/index.php?rest_route=\/wp\/v2\/posts\/5856","targetHints":{"allow":["GET"]}}],"collection":[{"href":"https:\/\/www.wir-in-winden.de\/index.php?rest_route=\/wp\/v2\/posts"}],"about":[{"href":"https:\/\/www.wir-in-winden.de\/index.php?rest_route=\/wp\/v2\/types\/post"}],"author":[{"embeddable":true,"href":"https:\/\/www.wir-in-winden.de\/index.php?rest_route=\/wp\/v2\/users\/1"}],"replies":[{"embeddable":true,"href":"https:\/\/www.wir-in-winden.de\/index.php?rest_route=%2Fwp%2Fv2%2Fcomments&post=5856"}],"version-history":[{"count":1,"href":"https:\/\/www.wir-in-winden.de\/index.php?rest_route=\/wp\/v2\/posts\/5856\/revisions"}],"predecessor-version":[{"id":5857,"href":"https:\/\/www.wir-in-winden.de\/index.php?rest_route=\/wp\/v2\/posts\/5856\/revisions\/5857"}],"wp:attachment":[{"href":"https:\/\/www.wir-in-winden.de\/index.php?rest_route=%2Fwp%2Fv2%2Fmedia&parent=5856"}],"wp:term":[{"taxonomy":"category","embeddable":true,"href":"https:\/\/www.wir-in-winden.de\/index.php?rest_route=%2Fwp%2Fv2%2Fcategories&post=5856"},{"taxonomy":"post_tag","embeddable":true,"href":"https:\/\/www.wir-in-winden.de\/index.php?rest_route=%2Fwp%2Fv2%2Ftags&post=5856"}],"curies":[{"name":"wp","href":"https:\/\/api.w.org\/{rel}","templated":true}]}}