{"id":5664,"date":"2014-03-01T18:46:47","date_gmt":"2014-03-01T16:46:47","guid":{"rendered":"http:\/\/www.wir-in-winden.de\/?p=5664"},"modified":"2014-03-01T18:46:47","modified_gmt":"2014-03-01T16:46:47","slug":"frank-puchtler-informierte-sich-in-winden","status":"publish","type":"post","link":"https:\/\/www.wir-in-winden.de\/?p=5664","title":{"rendered":"Frank Puchtler informierte sich in Winden"},"content":{"rendered":"<div id=\"attachment_5666\" style=\"width: 511px\" class=\"wp-caption alignnone\"><a href=\"http:\/\/www.wir-in-winden.de\/wp-content\/uploads\/2014\/03\/puchtler-in-winden.jpg\"><img loading=\"lazy\" decoding=\"async\" aria-describedby=\"caption-attachment-5666\" class=\"size-full wp-image-5666\" title=\"puchtler-in-winden\" src=\"http:\/\/www.wir-in-winden.de\/wp-content\/uploads\/2014\/03\/puchtler-in-winden.jpg\" alt=\"\" width=\"501\" height=\"333\" srcset=\"https:\/\/www.wir-in-winden.de\/wp-content\/uploads\/2014\/03\/puchtler-in-winden.jpg 1181w, https:\/\/www.wir-in-winden.de\/wp-content\/uploads\/2014\/03\/puchtler-in-winden-300x199.jpg 300w, https:\/\/www.wir-in-winden.de\/wp-content\/uploads\/2014\/03\/puchtler-in-winden-1024x682.jpg 1024w\" sizes=\"auto, (max-width: 501px) 100vw, 501px\" \/><\/a><p id=\"caption-attachment-5666\" class=\"wp-caption-text\">Planer Mathias Uhle (li.) stellt das Projekt eines Kleingewerbegebiets dem Landtagsabgeordneten Frank Puchtler (2. v. re.), dem 1. Beigeordneten Heinz-J\u00fcrgen Schl\u00f6sser (2. v. li.) und dem Juso Vorsitzenden Jan-Peter Linscheid (re.) vor.<\/p><\/div>\n<p>Der SPD-Landtagsabgeordnete und Landratskandidat<strong> Frank Puchtler <\/strong>(Oberneisen) hat jetzt die Ortsgemeinde Winden besucht, um sich \u00fcber aktuelle Projekte im Ort zu informieren. Begleitet wurde Puchtler von<strong> Jan-Peter Linscheid<\/strong>, dem Juso-Vorsitzenden des Rhein-Lahn-Kreises. Nach der Begr\u00fc\u00dfung durch Ortsb\u00fcrgermeister <strong>Gebhard Linscheid <\/strong>und einem Gespr\u00e4ch im Dorfcaf\u00e9 \u00fcber kommunale Themen und Projekte der Ortsgemeinde Winden wurde die Planung des Kleingewerbegebiets \u201eUnter dem Lohberg\u201c von <strong>Prof. Mathias Uhle<\/strong> vorgestellt und erl\u00e4utert.<\/p>\n<p>Der Landtagsabgeordnete Frank Puchtler hielt die Planungen f\u00fcr sinnvoll und hilfreich f\u00fcr die Ortsgemeinde Winden. Wichtig sei es, dies auch im Einklang des Naturschutzes und der Nachhaltigkeit f\u00fcr die B\u00fcrgerinnen und B\u00fcrger von Winden zu betrachten.<\/p>\n","protected":false},"excerpt":{"rendered":"<p>Der SPD-Landtagsabgeordnete und Landratskandidat Frank Puchtler (Oberneisen) hat jetzt die Ortsgemeinde Winden besucht, um sich \u00fcber aktuelle Projekte im Ort zu informieren. Begleitet wurde Puchtler von Jan-Peter Linscheid, dem Juso-Vorsitzenden des Rhein-Lahn-Kreises. Nach der Begr\u00fc\u00dfung durch Ortsb\u00fcrgermeister Gebhard Linscheid und einem Gespr\u00e4ch im Dorfcaf\u00e9 \u00fcber kommunale Themen und Projekte der Ortsgemeinde Winden wurde die Planung [&hellip;]<\/p>\n","protected":false},"author":1,"featured_media":0,"comment_status":"open","ping_status":"open","sticky":false,"template":"","format":"standard","meta":{"footnotes":""},"categories":[8],"tags":[],"class_list":["post-5664","post","type-post","status-publish","format-standard","hentry","category-dorfentwicklung"],"_links":{"self":[{"href":"https:\/\/www.wir-in-winden.de\/index.php?rest_route=\/wp\/v2\/posts\/5664","targetHints":{"allow":["GET"]}}],"collection":[{"href":"https:\/\/www.wir-in-winden.de\/index.php?rest_route=\/wp\/v2\/posts"}],"about":[{"href":"https:\/\/www.wir-in-winden.de\/index.php?rest_route=\/wp\/v2\/types\/post"}],"author":[{"embeddable":true,"href":"https:\/\/www.wir-in-winden.de\/index.php?rest_route=\/wp\/v2\/users\/1"}],"replies":[{"embeddable":true,"href":"https:\/\/www.wir-in-winden.de\/index.php?rest_route=%2Fwp%2Fv2%2Fcomments&post=5664"}],"version-history":[{"count":1,"href":"https:\/\/www.wir-in-winden.de\/index.php?rest_route=\/wp\/v2\/posts\/5664\/revisions"}],"predecessor-version":[{"id":5667,"href":"https:\/\/www.wir-in-winden.de\/index.php?rest_route=\/wp\/v2\/posts\/5664\/revisions\/5667"}],"wp:attachment":[{"href":"https:\/\/www.wir-in-winden.de\/index.php?rest_route=%2Fwp%2Fv2%2Fmedia&parent=5664"}],"wp:term":[{"taxonomy":"category","embeddable":true,"href":"https:\/\/www.wir-in-winden.de\/index.php?rest_route=%2Fwp%2Fv2%2Fcategories&post=5664"},{"taxonomy":"post_tag","embeddable":true,"href":"https:\/\/www.wir-in-winden.de\/index.php?rest_route=%2Fwp%2Fv2%2Ftags&post=5664"}],"curies":[{"name":"wp","href":"https:\/\/api.w.org\/{rel}","templated":true}]}}