{"id":5587,"date":"2014-02-16T18:20:08","date_gmt":"2014-02-16T16:20:08","guid":{"rendered":"http:\/\/www.wir-in-winden.de\/?p=5587"},"modified":"2014-02-16T18:20:08","modified_gmt":"2014-02-16T16:20:08","slug":"dorferneuerung-und-wiederkehrende-beitrage","status":"publish","type":"post","link":"https:\/\/www.wir-in-winden.de\/?p=5587","title":{"rendered":"Dorferneuerung und wiederkehrende Beitr\u00e4ge"},"content":{"rendered":"<p>Mit gleich zwei Gemeinderatssitzungen startet die Ortsgemeinde Winden in die neue Woche. In der ersten Sitzung am <strong>Montag, 17. Februar, 18.30 Uhr, im Pfarrheim<\/strong> geht es um die inner\u00f6rtliche Flurbereinigung, die Fortschreibung des Dorferneuerungskonzeptes und die m\u00f6gliche Teilnahme am Wettbewerb &#8222;Unser Dorf hat Zukunft 2014&#8220;.<br \/>\nSpannend werden d\u00fcrfte vor allem auch eine weitere Sitzung, die Ortsb\u00fcrgermeister <strong>Gebhard Linscheid<\/strong> f\u00fcr <strong>Dienstag, 18. Februar, 19.30 Uhr, im Pfarrheim<\/strong> anberaumt hat. Thema dieses Abends ist die am 10. Dezember 2013 <a href=\"http:\/\/www.wir-in-winden.de\/?p=5459\" target=\"_blank\">vom Oberverwaltungsgericht Koblenz in einer Berufungsklage der Ortsgemeinde Winden endg\u00fcltig gekippte Satzung<\/a> \u00fcber die wiederkehrenden Stra\u00dfenausbaubeitr\u00e4ge von 2009. Die Tagesordnung umfasst drei Punkte: 1. Beratung und Beschlussfassung \u00fcber die k\u00fcnftige Erhebung von Stra\u00dfenausbaubeitr\u00e4gen. 2. Beratung und Beschlussfassung \u00fcber eine Satzung zur Erhebung von wiederkehrenden Beitr\u00e4ge f\u00fcr den Ausbau von Verkehrsanlagen und 3. Beratung und Beschlussfassung einer Satzung zur Verschonung von Abrechnungsgebieten gem\u00e4\u00df \u00a7 11 der Ausbaubeitragssatzung &#8222;Wiederkehrende Beitr\u00e4ge&#8220;.<br \/>\nBeide Gemeinderatssitzungen sind \u00f6ffentlich.<\/p>\n","protected":false},"excerpt":{"rendered":"<p>Mit gleich zwei Gemeinderatssitzungen startet die Ortsgemeinde Winden in die neue Woche. In der ersten Sitzung am Montag, 17. Februar, 18.30 Uhr, im Pfarrheim geht es um die inner\u00f6rtliche Flurbereinigung, die Fortschreibung des Dorferneuerungskonzeptes und die m\u00f6gliche Teilnahme am Wettbewerb &#8222;Unser Dorf hat Zukunft 2014&#8220;. Spannend werden d\u00fcrfte vor allem auch eine weitere Sitzung, die [&hellip;]<\/p>\n","protected":false},"author":1,"featured_media":0,"comment_status":"open","ping_status":"open","sticky":false,"template":"","format":"standard","meta":{"footnotes":""},"categories":[5],"tags":[],"class_list":["post-5587","post","type-post","status-publish","format-standard","hentry","category-gemeinderat"],"_links":{"self":[{"href":"https:\/\/www.wir-in-winden.de\/index.php?rest_route=\/wp\/v2\/posts\/5587","targetHints":{"allow":["GET"]}}],"collection":[{"href":"https:\/\/www.wir-in-winden.de\/index.php?rest_route=\/wp\/v2\/posts"}],"about":[{"href":"https:\/\/www.wir-in-winden.de\/index.php?rest_route=\/wp\/v2\/types\/post"}],"author":[{"embeddable":true,"href":"https:\/\/www.wir-in-winden.de\/index.php?rest_route=\/wp\/v2\/users\/1"}],"replies":[{"embeddable":true,"href":"https:\/\/www.wir-in-winden.de\/index.php?rest_route=%2Fwp%2Fv2%2Fcomments&post=5587"}],"version-history":[{"count":1,"href":"https:\/\/www.wir-in-winden.de\/index.php?rest_route=\/wp\/v2\/posts\/5587\/revisions"}],"predecessor-version":[{"id":5588,"href":"https:\/\/www.wir-in-winden.de\/index.php?rest_route=\/wp\/v2\/posts\/5587\/revisions\/5588"}],"wp:attachment":[{"href":"https:\/\/www.wir-in-winden.de\/index.php?rest_route=%2Fwp%2Fv2%2Fmedia&parent=5587"}],"wp:term":[{"taxonomy":"category","embeddable":true,"href":"https:\/\/www.wir-in-winden.de\/index.php?rest_route=%2Fwp%2Fv2%2Fcategories&post=5587"},{"taxonomy":"post_tag","embeddable":true,"href":"https:\/\/www.wir-in-winden.de\/index.php?rest_route=%2Fwp%2Fv2%2Ftags&post=5587"}],"curies":[{"name":"wp","href":"https:\/\/api.w.org\/{rel}","templated":true}]}}