{"id":5545,"date":"2014-01-25T17:23:50","date_gmt":"2014-01-25T15:23:50","guid":{"rendered":"http:\/\/www.wir-in-winden.de\/?p=5545"},"modified":"2014-01-25T17:23:50","modified_gmt":"2014-01-25T15:23:50","slug":"gesangverein-hat-jahreshauptversammlung","status":"publish","type":"post","link":"https:\/\/www.wir-in-winden.de\/?p=5545","title":{"rendered":"Gesangverein hat Jahreshauptversammlung"},"content":{"rendered":"<p>Der <strong>Gesangverein \u201eEintracht Winden\u201c<\/strong> l\u00e4dt seine Mitglieder (aktive und inaktive) zur Jahreshauptversammlung am <strong>Freitag, 31. Januar,<\/strong> um <strong>19 Uhr<\/strong> in das<strong> Pfarrheim Winden<\/strong> ein. Auf der Tagesordnung stehen neben den \u00fcblichen Regularien die Berichte der Vorsitzenden, des Gesch\u00e4ftsf\u00fchrers, des Kassenverwalters und der Kassenpr\u00fcfer. Au\u00dferdem geht es um Planungen f\u00fcr das Jahr 2014 und die Arbeitseinteilung f\u00fcr den 1. Mai in der Grillh\u00fctte. Zum Abschluss besteht Gelegenheit zur Aussprache.<\/p>\n","protected":false},"excerpt":{"rendered":"<p>Der Gesangverein \u201eEintracht Winden\u201c l\u00e4dt seine Mitglieder (aktive und inaktive) zur Jahreshauptversammlung am Freitag, 31. Januar, um 19 Uhr in das Pfarrheim Winden ein. Auf der Tagesordnung stehen neben den \u00fcblichen Regularien die Berichte der Vorsitzenden, des Gesch\u00e4ftsf\u00fchrers, des Kassenverwalters und der Kassenpr\u00fcfer. Au\u00dferdem geht es um Planungen f\u00fcr das Jahr 2014 und die Arbeitseinteilung [&hellip;]<\/p>\n","protected":false},"author":1,"featured_media":0,"comment_status":"open","ping_status":"open","sticky":false,"template":"","format":"standard","meta":{"footnotes":""},"categories":[51],"tags":[],"class_list":["post-5545","post","type-post","status-publish","format-standard","hentry","category-gesangverein-winden"],"_links":{"self":[{"href":"https:\/\/www.wir-in-winden.de\/index.php?rest_route=\/wp\/v2\/posts\/5545","targetHints":{"allow":["GET"]}}],"collection":[{"href":"https:\/\/www.wir-in-winden.de\/index.php?rest_route=\/wp\/v2\/posts"}],"about":[{"href":"https:\/\/www.wir-in-winden.de\/index.php?rest_route=\/wp\/v2\/types\/post"}],"author":[{"embeddable":true,"href":"https:\/\/www.wir-in-winden.de\/index.php?rest_route=\/wp\/v2\/users\/1"}],"replies":[{"embeddable":true,"href":"https:\/\/www.wir-in-winden.de\/index.php?rest_route=%2Fwp%2Fv2%2Fcomments&post=5545"}],"version-history":[{"count":1,"href":"https:\/\/www.wir-in-winden.de\/index.php?rest_route=\/wp\/v2\/posts\/5545\/revisions"}],"predecessor-version":[{"id":5546,"href":"https:\/\/www.wir-in-winden.de\/index.php?rest_route=\/wp\/v2\/posts\/5545\/revisions\/5546"}],"wp:attachment":[{"href":"https:\/\/www.wir-in-winden.de\/index.php?rest_route=%2Fwp%2Fv2%2Fmedia&parent=5545"}],"wp:term":[{"taxonomy":"category","embeddable":true,"href":"https:\/\/www.wir-in-winden.de\/index.php?rest_route=%2Fwp%2Fv2%2Fcategories&post=5545"},{"taxonomy":"post_tag","embeddable":true,"href":"https:\/\/www.wir-in-winden.de\/index.php?rest_route=%2Fwp%2Fv2%2Ftags&post=5545"}],"curies":[{"name":"wp","href":"https:\/\/api.w.org\/{rel}","templated":true}]}}