{"id":5468,"date":"2013-12-22T11:12:06","date_gmt":"2013-12-22T09:12:06","guid":{"rendered":"http:\/\/www.wir-in-winden.de\/?p=5468"},"modified":"2013-12-22T11:12:06","modified_gmt":"2013-12-22T09:12:06","slug":"feuerwehrverein-wahlt-vorstand-neu","status":"publish","type":"post","link":"https:\/\/www.wir-in-winden.de\/?p=5468","title":{"rendered":"Feuerwehrverein w\u00e4hlt Vorstand neu"},"content":{"rendered":"<p>Der <strong>Verein der Freunde und F\u00f6rderer der Freiwilligen Feuerwehr Winden<\/strong> l\u00e4dt zur Jahreshauptversammlung f\u00fcr<strong> Freitag, 24. Januar, 19 Uhr,<\/strong> in das Dorfcaf\u00e9 Winden ein. Auf der Tagesordnung stehen neben den \u00fcblichen Regularien die Neuwahl des Vorstands. Weitere Punkte sind  die Berichte des Schriftf\u00fchrers, des Wehrf\u00fchrers und des Jugendwarts sowie die Jahresbilanz des Kassierers. \u00dcber Antr\u00e4ge auf Erg\u00e4nzung der Tagesordnung, die in der Mitgliederversammlung gestellt werden, beschlie\u00dft die Versammlung.<\/p>\n","protected":false},"excerpt":{"rendered":"<p>Der Verein der Freunde und F\u00f6rderer der Freiwilligen Feuerwehr Winden l\u00e4dt zur Jahreshauptversammlung f\u00fcr Freitag, 24. Januar, 19 Uhr, in das Dorfcaf\u00e9 Winden ein. Auf der Tagesordnung stehen neben den \u00fcblichen Regularien die Neuwahl des Vorstands. Weitere Punkte sind die Berichte des Schriftf\u00fchrers, des Wehrf\u00fchrers und des Jugendwarts sowie die Jahresbilanz des Kassierers. \u00dcber Antr\u00e4ge [&hellip;]<\/p>\n","protected":false},"author":1,"featured_media":0,"comment_status":"open","ping_status":"open","sticky":false,"template":"","format":"standard","meta":{"footnotes":""},"categories":[9],"tags":[],"class_list":["post-5468","post","type-post","status-publish","format-standard","hentry","category-feuerwehr"],"_links":{"self":[{"href":"https:\/\/www.wir-in-winden.de\/index.php?rest_route=\/wp\/v2\/posts\/5468","targetHints":{"allow":["GET"]}}],"collection":[{"href":"https:\/\/www.wir-in-winden.de\/index.php?rest_route=\/wp\/v2\/posts"}],"about":[{"href":"https:\/\/www.wir-in-winden.de\/index.php?rest_route=\/wp\/v2\/types\/post"}],"author":[{"embeddable":true,"href":"https:\/\/www.wir-in-winden.de\/index.php?rest_route=\/wp\/v2\/users\/1"}],"replies":[{"embeddable":true,"href":"https:\/\/www.wir-in-winden.de\/index.php?rest_route=%2Fwp%2Fv2%2Fcomments&post=5468"}],"version-history":[{"count":1,"href":"https:\/\/www.wir-in-winden.de\/index.php?rest_route=\/wp\/v2\/posts\/5468\/revisions"}],"predecessor-version":[{"id":5469,"href":"https:\/\/www.wir-in-winden.de\/index.php?rest_route=\/wp\/v2\/posts\/5468\/revisions\/5469"}],"wp:attachment":[{"href":"https:\/\/www.wir-in-winden.de\/index.php?rest_route=%2Fwp%2Fv2%2Fmedia&parent=5468"}],"wp:term":[{"taxonomy":"category","embeddable":true,"href":"https:\/\/www.wir-in-winden.de\/index.php?rest_route=%2Fwp%2Fv2%2Fcategories&post=5468"},{"taxonomy":"post_tag","embeddable":true,"href":"https:\/\/www.wir-in-winden.de\/index.php?rest_route=%2Fwp%2Fv2%2Ftags&post=5468"}],"curies":[{"name":"wp","href":"https:\/\/api.w.org\/{rel}","templated":true}]}}