{"id":5382,"date":"2013-10-17T21:15:55","date_gmt":"2013-10-17T19:15:55","guid":{"rendered":"http:\/\/www.wir-in-winden.de\/?p=5382"},"modified":"2013-10-17T21:15:55","modified_gmt":"2013-10-17T19:15:55","slug":"konigsschiesen-der-schutzen","status":"publish","type":"post","link":"https:\/\/www.wir-in-winden.de\/?p=5382","title":{"rendered":"K\u00f6nigsschie\u00dfen der Sch\u00fctzen"},"content":{"rendered":"<p>Die<strong> Sch\u00fctzengesellschaft 1960 Winden<\/strong> l\u00e4dt zu ihrem K\u00f6nigsschie\u00dfen am <strong>Samstag, 26. Oktober, ab 16 Uhr<\/strong> ins <strong>Sch\u00fctzenhaus<\/strong> ein. F\u00fcr Essen und Trinken ist gesorgt. Es gibt Michaels ber\u00fchmtes Smokerfleisch und Bayerisch-Kraut.  Auch Nichtmitglieder sind gerne willkommen. <\/p>\n","protected":false},"excerpt":{"rendered":"<p>Die Sch\u00fctzengesellschaft 1960 Winden l\u00e4dt zu ihrem K\u00f6nigsschie\u00dfen am Samstag, 26. Oktober, ab 16 Uhr ins Sch\u00fctzenhaus ein. F\u00fcr Essen und Trinken ist gesorgt. Es gibt Michaels ber\u00fchmtes Smokerfleisch und Bayerisch-Kraut. Auch Nichtmitglieder sind gerne willkommen.<\/p>\n","protected":false},"author":1,"featured_media":0,"comment_status":"open","ping_status":"open","sticky":false,"template":"","format":"standard","meta":{"footnotes":""},"categories":[20],"tags":[],"class_list":["post-5382","post","type-post","status-publish","format-standard","hentry","category-schutzengesellschaft"],"_links":{"self":[{"href":"https:\/\/www.wir-in-winden.de\/index.php?rest_route=\/wp\/v2\/posts\/5382","targetHints":{"allow":["GET"]}}],"collection":[{"href":"https:\/\/www.wir-in-winden.de\/index.php?rest_route=\/wp\/v2\/posts"}],"about":[{"href":"https:\/\/www.wir-in-winden.de\/index.php?rest_route=\/wp\/v2\/types\/post"}],"author":[{"embeddable":true,"href":"https:\/\/www.wir-in-winden.de\/index.php?rest_route=\/wp\/v2\/users\/1"}],"replies":[{"embeddable":true,"href":"https:\/\/www.wir-in-winden.de\/index.php?rest_route=%2Fwp%2Fv2%2Fcomments&post=5382"}],"version-history":[{"count":1,"href":"https:\/\/www.wir-in-winden.de\/index.php?rest_route=\/wp\/v2\/posts\/5382\/revisions"}],"predecessor-version":[{"id":5383,"href":"https:\/\/www.wir-in-winden.de\/index.php?rest_route=\/wp\/v2\/posts\/5382\/revisions\/5383"}],"wp:attachment":[{"href":"https:\/\/www.wir-in-winden.de\/index.php?rest_route=%2Fwp%2Fv2%2Fmedia&parent=5382"}],"wp:term":[{"taxonomy":"category","embeddable":true,"href":"https:\/\/www.wir-in-winden.de\/index.php?rest_route=%2Fwp%2Fv2%2Fcategories&post=5382"},{"taxonomy":"post_tag","embeddable":true,"href":"https:\/\/www.wir-in-winden.de\/index.php?rest_route=%2Fwp%2Fv2%2Ftags&post=5382"}],"curies":[{"name":"wp","href":"https:\/\/api.w.org\/{rel}","templated":true}]}}