{"id":5369,"date":"2013-10-09T18:48:53","date_gmt":"2013-10-09T16:48:53","guid":{"rendered":"http:\/\/www.wir-in-winden.de\/?p=5369"},"modified":"2013-10-11T15:13:12","modified_gmt":"2013-10-11T13:13:12","slug":"schone-hebstwanderung-nach-homberg","status":"publish","type":"post","link":"https:\/\/www.wir-in-winden.de\/?p=5369","title":{"rendered":"Sch\u00f6ne Herbstwanderung nach H\u00f6mberg"},"content":{"rendered":"<p><a href=\"http:\/\/www.wir-in-winden.de\/wp-content\/uploads\/2013\/10\/herbstwanderung2.jpg\"><img loading=\"lazy\" decoding=\"async\" class=\"alignnone size-large wp-image-5371\" title=\"SANYO DIGITAL CAMERA\" src=\"http:\/\/www.wir-in-winden.de\/wp-content\/uploads\/2013\/10\/herbstwanderung2-1024x701.jpg\" alt=\"\" width=\"501\" height=\"342\" srcset=\"https:\/\/www.wir-in-winden.de\/wp-content\/uploads\/2013\/10\/herbstwanderung2-1024x701.jpg 1024w, https:\/\/www.wir-in-winden.de\/wp-content\/uploads\/2013\/10\/herbstwanderung2-300x205.jpg 300w, https:\/\/www.wir-in-winden.de\/wp-content\/uploads\/2013\/10\/herbstwanderung2.jpg 1181w\" sizes=\"auto, (max-width: 501px) 100vw, 501px\" \/><\/a><\/p>\n<p>H\u00f6mberg war das Ziel des diesj\u00e4hrigen Herbstwanderung des Ortsausschusses sowie Lektoren und Kommunionhelfer der <strong>Katholischen Kirchengemeinde St. Willibrord Winden <\/strong>am vergangenen Samstag. Der Einladung des Ortsausschuss-Vorsitzenden <strong> Gerald Eschenauer <\/strong>waren 13 Teilnehmer gefolgt, die bei sch\u00f6nem Sp\u00e4tsommerwetter zun\u00e4chst <!--more-->durch den sich langsam f\u00e4rbenden Hochwald zur Kreuzeiche wanderten. Dort legten sie eine kurze Rast ein und st\u00e4rkten sich mit einem bereitgestellten Fr\u00fchst\u00fcck  und einem Fr\u00fchschoppen. Weiter ging es zum <strong>Hotel Taunusblick in H\u00f6mberg<\/strong>, wo sie die Gastfreundschaft der<strong> Familie Lotz <\/strong>genossen. Bei gutem Essen und Trinken verbrachten sie ein paar sch\u00f6ne Stunden, die wie im Fluge vergingen. Der R\u00fcckweg f\u00fchrte die Wanderer am Sonntagsborn vorbei zum <strong>Windener Dorfcaf\u00e9<\/strong>. Hier sa\u00dfen sie zum Abschluss des Tages noch einige Zeit gem\u00fctlich beisammen.<\/p>\n<p><a href=\"http:\/\/www.wir-in-winden.de\/wp-content\/uploads\/2013\/10\/herbstwanderung1.jpg\"><img loading=\"lazy\" decoding=\"async\" class=\"alignnone size-large wp-image-5370\" title=\"SANYO DIGITAL CAMERA\" src=\"http:\/\/www.wir-in-winden.de\/wp-content\/uploads\/2013\/10\/herbstwanderung1-1024x710.jpg\" alt=\"\" width=\"500\" height=\"346\" srcset=\"https:\/\/www.wir-in-winden.de\/wp-content\/uploads\/2013\/10\/herbstwanderung1-1024x710.jpg 1024w, https:\/\/www.wir-in-winden.de\/wp-content\/uploads\/2013\/10\/herbstwanderung1-300x208.jpg 300w, https:\/\/www.wir-in-winden.de\/wp-content\/uploads\/2013\/10\/herbstwanderung1.jpg 1181w\" sizes=\"auto, (max-width: 500px) 100vw, 500px\" \/><\/a><\/p>\n","protected":false},"excerpt":{"rendered":"<p>H\u00f6mberg war das Ziel des diesj\u00e4hrigen Herbstwanderung des Ortsausschusses sowie Lektoren und Kommunionhelfer der Katholischen Kirchengemeinde St. Willibrord Winden am vergangenen Samstag. Der Einladung des Ortsausschuss-Vorsitzenden Gerald Eschenauer waren 13 Teilnehmer gefolgt, die bei sch\u00f6nem Sp\u00e4tsommerwetter zun\u00e4chst<\/p>\n","protected":false},"author":1,"featured_media":0,"comment_status":"open","ping_status":"open","sticky":false,"template":"","format":"standard","meta":{"footnotes":""},"categories":[7,31],"tags":[],"class_list":["post-5369","post","type-post","status-publish","format-standard","hentry","category-allgemein","category-katholische-kirchengemeinde"],"_links":{"self":[{"href":"https:\/\/www.wir-in-winden.de\/index.php?rest_route=\/wp\/v2\/posts\/5369","targetHints":{"allow":["GET"]}}],"collection":[{"href":"https:\/\/www.wir-in-winden.de\/index.php?rest_route=\/wp\/v2\/posts"}],"about":[{"href":"https:\/\/www.wir-in-winden.de\/index.php?rest_route=\/wp\/v2\/types\/post"}],"author":[{"embeddable":true,"href":"https:\/\/www.wir-in-winden.de\/index.php?rest_route=\/wp\/v2\/users\/1"}],"replies":[{"embeddable":true,"href":"https:\/\/www.wir-in-winden.de\/index.php?rest_route=%2Fwp%2Fv2%2Fcomments&post=5369"}],"version-history":[{"count":2,"href":"https:\/\/www.wir-in-winden.de\/index.php?rest_route=\/wp\/v2\/posts\/5369\/revisions"}],"predecessor-version":[{"id":5373,"href":"https:\/\/www.wir-in-winden.de\/index.php?rest_route=\/wp\/v2\/posts\/5369\/revisions\/5373"}],"wp:attachment":[{"href":"https:\/\/www.wir-in-winden.de\/index.php?rest_route=%2Fwp%2Fv2%2Fmedia&parent=5369"}],"wp:term":[{"taxonomy":"category","embeddable":true,"href":"https:\/\/www.wir-in-winden.de\/index.php?rest_route=%2Fwp%2Fv2%2Fcategories&post=5369"},{"taxonomy":"post_tag","embeddable":true,"href":"https:\/\/www.wir-in-winden.de\/index.php?rest_route=%2Fwp%2Fv2%2Ftags&post=5369"}],"curies":[{"name":"wp","href":"https:\/\/api.w.org\/{rel}","templated":true}]}}