{"id":5361,"date":"2013-10-08T19:49:51","date_gmt":"2013-10-08T17:49:51","guid":{"rendered":"http:\/\/www.wir-in-winden.de\/?p=5361"},"modified":"2013-10-08T19:49:51","modified_gmt":"2013-10-08T17:49:51","slug":"gewerbeausstellung-fallt-aus","status":"publish","type":"post","link":"https:\/\/www.wir-in-winden.de\/?p=5361","title":{"rendered":"Gewerbeausstellung f\u00e4llt aus"},"content":{"rendered":"<p>Die f\u00fcr dieses Jahr geplante Gewerbeausstellung des<strong> B\u00fcrgervereins Winden<\/strong> f\u00e4llt wegen mangelnden Interesses aus. Von 47 angeschriebenen Unternehmen hatten sich lediglich f\u00fcnf Selbstst\u00e4ndige bereiterkl\u00e4rt, an der Gewerbeausstellung teilzunehmen. Diese Beteiligung war dem Vorstand des B\u00fcrgervereins zu gering; deshalb wurde die Veranstaltung abgesagt.<\/p>\n","protected":false},"excerpt":{"rendered":"<p>Die f\u00fcr dieses Jahr geplante Gewerbeausstellung des B\u00fcrgervereins Winden f\u00e4llt wegen mangelnden Interesses aus. Von 47 angeschriebenen Unternehmen hatten sich lediglich f\u00fcnf Selbstst\u00e4ndige bereiterkl\u00e4rt, an der Gewerbeausstellung teilzunehmen. Diese Beteiligung war dem Vorstand des B\u00fcrgervereins zu gering; deshalb wurde die Veranstaltung abgesagt.<\/p>\n","protected":false},"author":1,"featured_media":0,"comment_status":"open","ping_status":"open","sticky":false,"template":"","format":"standard","meta":{"footnotes":""},"categories":[6],"tags":[],"class_list":["post-5361","post","type-post","status-publish","format-standard","hentry","category-burgerverein"],"_links":{"self":[{"href":"https:\/\/www.wir-in-winden.de\/index.php?rest_route=\/wp\/v2\/posts\/5361","targetHints":{"allow":["GET"]}}],"collection":[{"href":"https:\/\/www.wir-in-winden.de\/index.php?rest_route=\/wp\/v2\/posts"}],"about":[{"href":"https:\/\/www.wir-in-winden.de\/index.php?rest_route=\/wp\/v2\/types\/post"}],"author":[{"embeddable":true,"href":"https:\/\/www.wir-in-winden.de\/index.php?rest_route=\/wp\/v2\/users\/1"}],"replies":[{"embeddable":true,"href":"https:\/\/www.wir-in-winden.de\/index.php?rest_route=%2Fwp%2Fv2%2Fcomments&post=5361"}],"version-history":[{"count":1,"href":"https:\/\/www.wir-in-winden.de\/index.php?rest_route=\/wp\/v2\/posts\/5361\/revisions"}],"predecessor-version":[{"id":5362,"href":"https:\/\/www.wir-in-winden.de\/index.php?rest_route=\/wp\/v2\/posts\/5361\/revisions\/5362"}],"wp:attachment":[{"href":"https:\/\/www.wir-in-winden.de\/index.php?rest_route=%2Fwp%2Fv2%2Fmedia&parent=5361"}],"wp:term":[{"taxonomy":"category","embeddable":true,"href":"https:\/\/www.wir-in-winden.de\/index.php?rest_route=%2Fwp%2Fv2%2Fcategories&post=5361"},{"taxonomy":"post_tag","embeddable":true,"href":"https:\/\/www.wir-in-winden.de\/index.php?rest_route=%2Fwp%2Fv2%2Ftags&post=5361"}],"curies":[{"name":"wp","href":"https:\/\/api.w.org\/{rel}","templated":true}]}}