{"id":5112,"date":"2013-05-23T06:57:16","date_gmt":"2013-05-23T04:57:16","guid":{"rendered":"http:\/\/www.wir-in-winden.de\/?p=5112"},"modified":"2013-05-23T06:57:16","modified_gmt":"2013-05-23T04:57:16","slug":"fruhjahrsbrunch-fallt-wegen-regens-aus","status":"publish","type":"post","link":"https:\/\/www.wir-in-winden.de\/?p=5112","title":{"rendered":"Fr\u00fchjahrsbrunch f\u00e4llt wegen Regens aus"},"content":{"rendered":"<p>Wegen der ung\u00fcnstigen Wetterprognose f\u00fcr den kommenden Sonntag hat der Vorstand des <strong>Gesangvereins &#8222;Eintracht&#8220; Winden <\/strong>beschlossen, den geplanten Fr\u00fchjahrsbrunch an der Grillh\u00fctte Winden ausfallen zu lassen. An dessen Stelle wird zu einem sp\u00e4teren Zeitpunkt eine andere Veranstaltung statffinden, \u00fcber deren Art und Ort rechtzeitig informiert und eingeladen wird. Der Vorstand bittet f\u00fcr die Absage um Verst\u00e4ndnis.<\/p>\n","protected":false},"excerpt":{"rendered":"<p>Wegen der ung\u00fcnstigen Wetterprognose f\u00fcr den kommenden Sonntag hat der Vorstand des Gesangvereins &#8222;Eintracht&#8220; Winden beschlossen, den geplanten Fr\u00fchjahrsbrunch an der Grillh\u00fctte Winden ausfallen zu lassen. An dessen Stelle wird zu einem sp\u00e4teren Zeitpunkt eine andere Veranstaltung statffinden, \u00fcber deren Art und Ort rechtzeitig informiert und eingeladen wird. Der Vorstand bittet f\u00fcr die Absage um [&hellip;]<\/p>\n","protected":false},"author":1,"featured_media":0,"comment_status":"open","ping_status":"open","sticky":false,"template":"","format":"standard","meta":{"footnotes":""},"categories":[51],"tags":[],"class_list":["post-5112","post","type-post","status-publish","format-standard","hentry","category-gesangverein-winden"],"_links":{"self":[{"href":"https:\/\/www.wir-in-winden.de\/index.php?rest_route=\/wp\/v2\/posts\/5112","targetHints":{"allow":["GET"]}}],"collection":[{"href":"https:\/\/www.wir-in-winden.de\/index.php?rest_route=\/wp\/v2\/posts"}],"about":[{"href":"https:\/\/www.wir-in-winden.de\/index.php?rest_route=\/wp\/v2\/types\/post"}],"author":[{"embeddable":true,"href":"https:\/\/www.wir-in-winden.de\/index.php?rest_route=\/wp\/v2\/users\/1"}],"replies":[{"embeddable":true,"href":"https:\/\/www.wir-in-winden.de\/index.php?rest_route=%2Fwp%2Fv2%2Fcomments&post=5112"}],"version-history":[{"count":1,"href":"https:\/\/www.wir-in-winden.de\/index.php?rest_route=\/wp\/v2\/posts\/5112\/revisions"}],"predecessor-version":[{"id":5113,"href":"https:\/\/www.wir-in-winden.de\/index.php?rest_route=\/wp\/v2\/posts\/5112\/revisions\/5113"}],"wp:attachment":[{"href":"https:\/\/www.wir-in-winden.de\/index.php?rest_route=%2Fwp%2Fv2%2Fmedia&parent=5112"}],"wp:term":[{"taxonomy":"category","embeddable":true,"href":"https:\/\/www.wir-in-winden.de\/index.php?rest_route=%2Fwp%2Fv2%2Fcategories&post=5112"},{"taxonomy":"post_tag","embeddable":true,"href":"https:\/\/www.wir-in-winden.de\/index.php?rest_route=%2Fwp%2Fv2%2Ftags&post=5112"}],"curies":[{"name":"wp","href":"https:\/\/api.w.org\/{rel}","templated":true}]}}