{"id":5106,"date":"2013-05-22T10:44:36","date_gmt":"2013-05-22T08:44:36","guid":{"rendered":"http:\/\/www.wir-in-winden.de\/?p=5106"},"modified":"2013-05-22T10:45:44","modified_gmt":"2013-05-22T08:45:44","slug":"ernuchternde-bilanz-der-fusballabteilungssitzung-des-vfr","status":"publish","type":"post","link":"https:\/\/www.wir-in-winden.de\/?p=5106","title":{"rendered":"Ern\u00fcchternde Bilanz der Fu\u00dfballabteilungssitzung des VfR"},"content":{"rendered":"<p>Eine leider traurige Bilanz musste der <strong>VfR Winden<\/strong> nach der Fu\u00dfballabteilungssitzung am 28.04.2013 ziehen.<br \/>\nDem Aufruf des VfR, in Person von Markus R\u00fcbsamen, nach einer dringend n\u00f6tigen \u201eKrisensitzung\u201c waren neben dem Vorstand und 8 aktiven Spielern, <strong>NUR <\/strong>5 VfR Mitglieder gefolgt!<\/p>\n<p>Dementsprechend fiel auch die ern\u00fcchternde Beteiligung bei der Besetzung der n\u00f6tigen Positionen in der Fu\u00dfballabteilung aus.<br \/>\nEinzig <strong>Benjamin Moska<\/strong>, als aktiver Spieler, Mathias Klein, als 2. Vorsitzender, und Markus R\u00fcbsamen, als momentaner H\u00fcttenwart, erkl\u00e4rten sich bereit weiterhin Verantwortung zu \u00fcbernehmen.<!--more--><br \/>\nBenjamin Moska wird sich in Zukunft um die Umkleider\u00e4ume und die Getr\u00e4nke der Heim- &amp; Gastmannschaft k\u00fcmmern.<br \/>\n<strong>Mathias Klein<\/strong> ist bereit seine Position als 2. Vorsitzender aufzugeben, um die Rolle des Platzwartes zu \u00fcbernehmen, damit der Spielfluss weiterhin ordnungsgem\u00e4\u00df gew\u00e4hrleistet werden kann.<br \/>\n<strong>Markus R\u00fcbsamen<\/strong> sicherte zu, als Abteilungsleiter zu fungieren, wenn die noch nicht besetzten Positionen eines Mannschaftsbetreuers, eines H\u00fcttenwartes und die des Kassenwartes \u00fcbernommen werden.<br \/>\nDoch leider konnten bei dieser mangelhaften Beteiligung, seitens der VfR Mitglieder, diese Positionen nicht besetzt werden!<br \/>\nInsgesamt\u00a0ist es nat\u00fcrlich\u00a0nicht erfreulich, dass die Beteiligung der Mitglieder der<br \/>\nAbteilung Fu\u00dfball an dieser Sitzung\u00a0derart gering ausgefallen ist. Immerhin ist diese Abteilung mit 170 Mitgliedern die mitgliederst\u00e4rkste Abteilung im Gesamtverein mit 300 Mitgliedern.<br \/>\nDer Verein und die Mannschaft unter der Federf\u00fchrung von Peter Kurth haben es geschafft<br \/>\neine strukturierte und gut funktionierende Mannschaft auf die Beine zu stellen. Um<br \/>\ndas Ganze weiterhin am Leben zu erhalten, ist ein Vorstand der Abteilung Fu\u00dfball \u00e4u\u00dferst wichtig, damit die anfallenden T\u00e4tigkeiten rund um den Spielbetrieb abgewickelt werden k\u00f6nnen.<br \/>\nDiesen Vorstand haben wir bis dato leider nicht gefunden.<\/p>\n<p>Nun muss sich jedes VfR Mitglied selbst Gedanken machen, wie viel ihm an der <strong>Tradition<\/strong> einer eigenst\u00e4ndigen Fu\u00dfballabteilung des <strong>VfR Winden<\/strong> liegt und ob er bereit ist etwas, f\u00fcr dessen Zukunft, zu investieren.<br \/>\nDenn der VfR hat viele <strong>f\u00e4hige Mitglieder<\/strong>, die diese Abteilung in Zukunft noch viel weiter bringen k\u00f6nnen.<br \/>\nDie einzige Frage ist, wie es um die Zukunft dieser Abteilung gestellt ist, wenn diese Mitglieder nicht bereit sind mit anzupacken!?<br \/>\nDer VfR freut sich \u00fcber jede R\u00fcckmeldung und hofft, durch diesen Beitrag, seine Mitglieder f\u00fcr die Zukunft dieser Abteilung mobilisieren zu k\u00f6nnen.<\/p>\n","protected":false},"excerpt":{"rendered":"<p>Eine leider traurige Bilanz musste der VfR Winden nach der Fu\u00dfballabteilungssitzung am 28.04.2013 ziehen. Dem Aufruf des VfR, in Person von Markus R\u00fcbsamen, nach einer dringend n\u00f6tigen \u201eKrisensitzung\u201c waren neben dem Vorstand und 8 aktiven Spielern, NUR 5 VfR Mitglieder gefolgt! Dementsprechend fiel auch die ern\u00fcchternde Beteiligung bei der Besetzung der n\u00f6tigen Positionen in der [&hellip;]<\/p>\n","protected":false},"author":36,"featured_media":0,"comment_status":"open","ping_status":"open","sticky":false,"template":"","format":"standard","meta":{"footnotes":""},"categories":[67,18],"tags":[],"class_list":["post-5106","post","type-post","status-publish","format-standard","hentry","category-fusball","category-vfr-winden"],"_links":{"self":[{"href":"https:\/\/www.wir-in-winden.de\/index.php?rest_route=\/wp\/v2\/posts\/5106","targetHints":{"allow":["GET"]}}],"collection":[{"href":"https:\/\/www.wir-in-winden.de\/index.php?rest_route=\/wp\/v2\/posts"}],"about":[{"href":"https:\/\/www.wir-in-winden.de\/index.php?rest_route=\/wp\/v2\/types\/post"}],"author":[{"embeddable":true,"href":"https:\/\/www.wir-in-winden.de\/index.php?rest_route=\/wp\/v2\/users\/36"}],"replies":[{"embeddable":true,"href":"https:\/\/www.wir-in-winden.de\/index.php?rest_route=%2Fwp%2Fv2%2Fcomments&post=5106"}],"version-history":[{"count":4,"href":"https:\/\/www.wir-in-winden.de\/index.php?rest_route=\/wp\/v2\/posts\/5106\/revisions"}],"predecessor-version":[{"id":5111,"href":"https:\/\/www.wir-in-winden.de\/index.php?rest_route=\/wp\/v2\/posts\/5106\/revisions\/5111"}],"wp:attachment":[{"href":"https:\/\/www.wir-in-winden.de\/index.php?rest_route=%2Fwp%2Fv2%2Fmedia&parent=5106"}],"wp:term":[{"taxonomy":"category","embeddable":true,"href":"https:\/\/www.wir-in-winden.de\/index.php?rest_route=%2Fwp%2Fv2%2Fcategories&post=5106"},{"taxonomy":"post_tag","embeddable":true,"href":"https:\/\/www.wir-in-winden.de\/index.php?rest_route=%2Fwp%2Fv2%2Ftags&post=5106"}],"curies":[{"name":"wp","href":"https:\/\/api.w.org\/{rel}","templated":true}]}}