{"id":4481,"date":"2012-11-08T17:27:58","date_gmt":"2012-11-08T15:27:58","guid":{"rendered":"http:\/\/www.wir-in-winden.de\/?p=4481"},"modified":"2012-11-08T17:27:58","modified_gmt":"2012-11-08T15:27:58","slug":"terminanderungen-fur-vfr-abende","status":"publish","type":"post","link":"https:\/\/www.wir-in-winden.de\/?p=4481","title":{"rendered":"Termin\u00e4nderungen f\u00fcr VfR-Abende"},"content":{"rendered":"<p>Aus organisatorischen Gr\u00fcnden m\u00fcssen die Termine f\u00fcr die VfR-Abende im Vereinsheim am Sportplatz in Winden nochmals ge\u00e4ndert werden. Die neuen Termine sind<strong> Freitag, 23. November, ab 18 Uhr <\/strong>und <strong>Samstag, 8. Dezember, ebenfalls ab 18 Uhr<\/strong>. Am 8. Dezember findet ein Kicker-Turnier statt. Die Spielpartner werden zugelost. Anmeldungen f\u00fcr das Kicker-Turnier sind an diesem Abend bis 18.30 Uhr m\u00f6glich. Der Vorstand bittet um Verst\u00e4ndnis f\u00fcr die nochmaligen Termin\u00e4nderungen und hofft, zahlreiche Vereinsmitglieder an diesen Abenden im Vereinsheim begr\u00fc\u00dfen zu k\u00f6nnen.<\/p>\n","protected":false},"excerpt":{"rendered":"<p>Aus organisatorischen Gr\u00fcnden m\u00fcssen die Termine f\u00fcr die VfR-Abende im Vereinsheim am Sportplatz in Winden nochmals ge\u00e4ndert werden. Die neuen Termine sind Freitag, 23. November, ab 18 Uhr und Samstag, 8. Dezember, ebenfalls ab 18 Uhr. Am 8. Dezember findet ein Kicker-Turnier statt. Die Spielpartner werden zugelost. Anmeldungen f\u00fcr das Kicker-Turnier sind an diesem Abend [&hellip;]<\/p>\n","protected":false},"author":1,"featured_media":0,"comment_status":"open","ping_status":"open","sticky":false,"template":"","format":"standard","meta":{"footnotes":""},"categories":[18],"tags":[],"class_list":["post-4481","post","type-post","status-publish","format-standard","hentry","category-vfr-winden"],"_links":{"self":[{"href":"https:\/\/www.wir-in-winden.de\/index.php?rest_route=\/wp\/v2\/posts\/4481","targetHints":{"allow":["GET"]}}],"collection":[{"href":"https:\/\/www.wir-in-winden.de\/index.php?rest_route=\/wp\/v2\/posts"}],"about":[{"href":"https:\/\/www.wir-in-winden.de\/index.php?rest_route=\/wp\/v2\/types\/post"}],"author":[{"embeddable":true,"href":"https:\/\/www.wir-in-winden.de\/index.php?rest_route=\/wp\/v2\/users\/1"}],"replies":[{"embeddable":true,"href":"https:\/\/www.wir-in-winden.de\/index.php?rest_route=%2Fwp%2Fv2%2Fcomments&post=4481"}],"version-history":[{"count":1,"href":"https:\/\/www.wir-in-winden.de\/index.php?rest_route=\/wp\/v2\/posts\/4481\/revisions"}],"predecessor-version":[{"id":4482,"href":"https:\/\/www.wir-in-winden.de\/index.php?rest_route=\/wp\/v2\/posts\/4481\/revisions\/4482"}],"wp:attachment":[{"href":"https:\/\/www.wir-in-winden.de\/index.php?rest_route=%2Fwp%2Fv2%2Fmedia&parent=4481"}],"wp:term":[{"taxonomy":"category","embeddable":true,"href":"https:\/\/www.wir-in-winden.de\/index.php?rest_route=%2Fwp%2Fv2%2Fcategories&post=4481"},{"taxonomy":"post_tag","embeddable":true,"href":"https:\/\/www.wir-in-winden.de\/index.php?rest_route=%2Fwp%2Fv2%2Ftags&post=4481"}],"curies":[{"name":"wp","href":"https:\/\/api.w.org\/{rel}","templated":true}]}}