{"id":4412,"date":"2012-10-25T19:20:26","date_gmt":"2012-10-25T17:20:26","guid":{"rendered":"http:\/\/www.wir-in-winden.de\/?p=4412"},"modified":"2012-11-01T08:22:26","modified_gmt":"2012-11-01T06:22:26","slug":"der-windener-terminkalender-2013","status":"publish","type":"post","link":"https:\/\/www.wir-in-winden.de\/?p=4412","title":{"rendered":"Der Windener Terminkalender 2013"},"content":{"rendered":"<p>Die Termine f\u00fcr das Jahr 2013 stehe fest. Hier der \u00dcberblick \u00fcber ein ereignisreiches Jahr:<\/p>\n<p><strong>Januar 2013<\/strong><\/p>\n<p>05.\/06. Heilige Dreik\u00f6nige<br \/>\n06. Winterwanderung Sch\u00fctzenverein<br \/>\n09., 15 Uhr, Pfarrheim, Diavortrag \u201cPhilippinen\u201c von Franz Josef Minor<br \/>\n13. Aktiventreffen Kappensitzung Dorfcaf\u00e9 18.30 Uhr<br \/>\n18. Aufbau Elferat im B\u00fcrgerhaus 17.00 Uhr<br \/>\n19. Kartenvorverkauf  Kappensitzung im Dorfcaf\u00e9 9.00 Uhr bis 10.00 Uhr<br \/>\nDorfcaf\u00e9 ab 6.00 Uhr ge\u00f6ffnet mit Fr\u00fchst\u00fccksm\u00f6glichkeit<br \/>\n26. Erste Kappensitzung im B\u00fcrgerhaus 19.11 Uhr<br \/>\n<!--more--><\/p>\n<p><strong>Februar<\/strong><\/p>\n<p>02.. Zweite Kappensitzung im B\u00fcrgerhaus 19.11 Uhr<br \/>\n05., 15.11 Uhr im Pfarrheim, Fastnachtsfeier<br \/>\n09.  Kinderkappensitzung  im B\u00fcrgerhaus 14.11 Uhr<br \/>\n11.  Rosenmontagsumzug  14.11 Uhr und anschlie\u00dfender Party im B\u00fcrgerhaus<br \/>\n22. Jahreshauptversammlung Gesangverein im Pfarrheim<\/p>\n<p><strong>M\u00e4rz<\/strong><\/p>\n<p>07. Jahreshauptversammlung Sch\u00fctzenverein Sch\u00fctzenhaus<br \/>\n10. Jahreshauptversammlung Tschernobyl Verein Pfarrheim<br \/>\n13., 15 Uhr, Pfarrheim, Diavortrag von J\u00fcrgen Jachtenfuchs, Bundesgartenschau Koblenz<br \/>\n14.  Jahreshauptversammlung Kindergartenf\u00f6rderverein<br \/>\n16.  Jahreshauptversammlung F\u00f6rderverein Feuerwehr Winden Dorfcaf\u00e9<\/p>\n<p><strong>April<\/strong><\/p>\n<p>06.   Tanzfest VfR Winden im B\u00fcrgerhaus<br \/>\n09., 9 Uhr, Fr\u00fchst\u00fcck im Pfarrheim<br \/>\n12.   Jahreshauptversammlung B\u00fcrgerverein<br \/>\n21.   Kommunion<br \/>\n23.  Fr\u00fchjahrswanderung Gymnastikgruppe<br \/>\n28.  Konfirmation<\/p>\n<p><strong>Mai<\/strong><\/p>\n<p>01.  Maifeier an und in der Grillh\u00fctte<br \/>\n07., Ausflug zum Frankfurter Flughafen mit Rundfahrt und Besichtigung<br \/>\n17\/18\/19. 25 Jahre Tennisverein am Tennisplatz<br \/>\n22.  Gottesdienst in der Michelskapelle  18.00 Uhr<br \/>\n26. Musikalischer Brunch Gesangverein<\/p>\n<p><strong>Juni<\/strong><\/p>\n<p>01. Sommerbiatlon am Sch\u00fctzenhaus<br \/>\n23. Pfarrfest der kath. Kirchengemeinde<br \/>\n29. Partyexpress des VfR Winden<\/p>\n<p><strong>Juli<\/strong><\/p>\n<p>27.\/28. Sportwochenende am Sportplatz<\/p>\n<p><strong>August<\/strong><\/p>\n<p>03. Ausflug B\u00fcrgerverein<br \/>\n24. Tagesausflug Gymnastikgruppe<br \/>\n30.\/31. Kirmes<\/p>\n<p><strong>September<\/strong><\/p>\n<p>01.  Kirmes<br \/>\n21.\/22.  125 Jahre Gesangverein Winden im B\u00fcrgerhaus<br \/>\n24. Herbstwanderung Gymnastikgruppe<br \/>\n25. Gottesdienst in der Michelskapelle 18.00 Uhr<\/p>\n<p><strong>Oktober<\/strong><\/p>\n<p>06. Oktoberfest am Sportplatz<br \/>\n13. Bl\u00e4tterfallturnier auf dem Tennisplatz<br \/>\n19. Preisskat Feuerwehr im Dorfcafe<br \/>\n21. Terminplanung 2014<br \/>\n26. K\u00f6nigschie\u00dfen im Sch\u00fctzenhaus<\/p>\n<p><strong>November<\/strong><\/p>\n<p>06. Patronatsfest der kath. Kirche<br \/>\n12.  Martinsumzug<br \/>\n17. Gedenkfeier zum  Volkstrauertag 18.30 Uhr am Ehrenmal<br \/>\n23. Streusalzverkauf Feuerwehr<br \/>\n30.11.\/01.12  Gewerbeaustellung im B\u00fcrgerhaus<\/p>\n<p><strong>Dezember<\/strong><\/p>\n<p>05. Nikolausfeier in der kath. Kirche<br \/>\n06. Weihnachtsfeier Gymnastikgruppe<br \/>\n07. Weihnachtsfeier der Sch\u00fctzen im Sch\u00fctzenhaus<br \/>\n14. Adventliche Feier der Senioren im Dorfcafe<br \/>\n17. Weihnachtswanderung der Gymnastikgruppe<\/p>\n","protected":false},"excerpt":{"rendered":"<p>Die Termine f\u00fcr das Jahr 2013 stehe fest. Hier der \u00dcberblick \u00fcber ein ereignisreiches Jahr: Januar 2013 05.\/06. Heilige Dreik\u00f6nige 06. Winterwanderung Sch\u00fctzenverein 09., 15 Uhr, Pfarrheim, Diavortrag \u201cPhilippinen\u201c von Franz Josef Minor 13. Aktiventreffen Kappensitzung Dorfcaf\u00e9 18.30 Uhr 18. Aufbau Elferat im B\u00fcrgerhaus 17.00 Uhr 19. Kartenvorverkauf Kappensitzung im Dorfcaf\u00e9 9.00 Uhr bis 10.00 [&hellip;]<\/p>\n","protected":false},"author":1,"featured_media":0,"comment_status":"open","ping_status":"open","sticky":false,"template":"","format":"standard","meta":{"footnotes":""},"categories":[7],"tags":[],"class_list":["post-4412","post","type-post","status-publish","format-standard","hentry","category-allgemein"],"_links":{"self":[{"href":"https:\/\/www.wir-in-winden.de\/index.php?rest_route=\/wp\/v2\/posts\/4412","targetHints":{"allow":["GET"]}}],"collection":[{"href":"https:\/\/www.wir-in-winden.de\/index.php?rest_route=\/wp\/v2\/posts"}],"about":[{"href":"https:\/\/www.wir-in-winden.de\/index.php?rest_route=\/wp\/v2\/types\/post"}],"author":[{"embeddable":true,"href":"https:\/\/www.wir-in-winden.de\/index.php?rest_route=\/wp\/v2\/users\/1"}],"replies":[{"embeddable":true,"href":"https:\/\/www.wir-in-winden.de\/index.php?rest_route=%2Fwp%2Fv2%2Fcomments&post=4412"}],"version-history":[{"count":6,"href":"https:\/\/www.wir-in-winden.de\/index.php?rest_route=\/wp\/v2\/posts\/4412\/revisions"}],"predecessor-version":[{"id":4477,"href":"https:\/\/www.wir-in-winden.de\/index.php?rest_route=\/wp\/v2\/posts\/4412\/revisions\/4477"}],"wp:attachment":[{"href":"https:\/\/www.wir-in-winden.de\/index.php?rest_route=%2Fwp%2Fv2%2Fmedia&parent=4412"}],"wp:term":[{"taxonomy":"category","embeddable":true,"href":"https:\/\/www.wir-in-winden.de\/index.php?rest_route=%2Fwp%2Fv2%2Fcategories&post=4412"},{"taxonomy":"post_tag","embeddable":true,"href":"https:\/\/www.wir-in-winden.de\/index.php?rest_route=%2Fwp%2Fv2%2Ftags&post=4412"}],"curies":[{"name":"wp","href":"https:\/\/api.w.org\/{rel}","templated":true}]}}