{"id":4396,"date":"2012-10-24T21:01:03","date_gmt":"2012-10-24T19:01:03","guid":{"rendered":"http:\/\/www.wir-in-winden.de\/?p=4396"},"modified":"2012-10-24T21:01:54","modified_gmt":"2012-10-24T19:01:54","slug":"olaf-sandmann-und-zoe-dennebaum-sind-neue-schutzenmajestaten","status":"publish","type":"post","link":"https:\/\/www.wir-in-winden.de\/?p=4396","title":{"rendered":"Olaf Sandmann und Zoe Dennebaum sind neue Sch\u00fctzenmajest\u00e4ten"},"content":{"rendered":"<div id=\"attachment_4398\" style=\"width: 510px\" class=\"wp-caption alignnone\"><a href=\"http:\/\/www.wir-in-winden.de\/wp-content\/uploads\/2012\/10\/k\u00f6nigschie\u00dfen1.jpg\"><img loading=\"lazy\" decoding=\"async\" aria-describedby=\"caption-attachment-4398\" class=\"size-full wp-image-4398\" title=\"k\u00f6nigschie\u00dfen1\" src=\"http:\/\/www.wir-in-winden.de\/wp-content\/uploads\/2012\/10\/k\u00f6nigschie\u00dfen1.jpg\" alt=\"\" width=\"500\" height=\"352\" srcset=\"https:\/\/www.wir-in-winden.de\/wp-content\/uploads\/2012\/10\/k\u00f6nigschie\u00dfen1.jpg 886w, https:\/\/www.wir-in-winden.de\/wp-content\/uploads\/2012\/10\/k\u00f6nigschie\u00dfen1-300x211.jpg 300w\" sizes=\"auto, (max-width: 500px) 100vw, 500px\" \/><\/a><p id=\"caption-attachment-4398\" class=\"wp-caption-text\">Vorsitzender Michael Eifler (M.) ehrte die frischgebackenen Majest\u00e4ten: Sch\u00fctzenk\u00f6nig Olaf Sandmann und Jugendsch\u00fctzenk\u00f6nigin Zoe Dennebaum.<\/p><\/div>\n<p><font size=\"5\">N<\/font>euer Sch\u00fctzenk\u00f6nig 2012\/13 von Winden ist <strong>Olaf Sandmann<\/strong>, Jugendsch\u00fctzenk\u00f6nigin ist <strong>Zoe Dennebaum<\/strong>. Dies ist das Ergebnis des K\u00f6nigsschie\u00dfens, das die Sch\u00fctzengesellschaft 1960 Winden am 6. Oktober veranstaltet hat. <!--more--><\/p>\n<p>Der neu Sch\u00fctzenk\u00f6nig wurde im gut besuchten Sch\u00fctzenhaus bei toller Stimmung und gutem Essen (es gab leckere Schweinshaxe mit Kraut und Brez&#8217;n ) ausgeschossen. Die Jugendlichen ermittelten ihre Majest\u00e4t auf der Zehn-Meter-Bahn mit dem Luftgewehr. Den Anfang machte Tobias Handwerker, der den linken Fl\u00fcgel abschoss, gefolgt von Zoe Dennebaum mit dem rechten Fl\u00fcgel. Tobias holte au\u00dferdem den Schwanz und Silas Dennebaum den Kopf des Vogels herunter, bevor Zoe den Torso abschoss und sich damit die W\u00fcrde der neuen Jugendsch\u00fctzenk\u00f6nigin f\u00fcr die Saison 2012\/2013 sicherte.<\/p>\n<p>Spannend ging es auch bei den Erwachsenen zu; hier waren 26 Sch\u00fctzinnen und Sch\u00fctzen am Start. Olaf Sandmann schoss zun\u00e4chst den linken und Heinz Heller den rechten Fl\u00fcgel des K\u00f6nigsadlers. Roland Dennebaum folgte mit dem Schwanz, Franz-Gerhard Eifler schoss den Kopf des Vogels ab. Der Rumpf wurde abschlie\u00dfend mit einem pr\u00e4zisen Schuss von Olaf Sandmann abger\u00e4umt, der damit Sch\u00fctzenk\u00f6nig wurde.<br \/>\nMit den Ehrungen der erfolgreichen Sportler, die der Vorsitzende Michael Eifler vornahm, fand eine sehr sch\u00f6ne Feier ihren Abschluss. Die Sch\u00fctzenschar gratulierte ihren beiden neuen Majest\u00e4ten.<\/p>\n<div id=\"attachment_4399\" style=\"width: 510px\" class=\"wp-caption alignnone\"><a href=\"http:\/\/www.wir-in-winden.de\/wp-content\/uploads\/2012\/10\/k\u00f6nigschie\u00dfen2.jpg\"><img loading=\"lazy\" decoding=\"async\" aria-describedby=\"caption-attachment-4399\" class=\"size-full wp-image-4399\" title=\"k\u00f6nigschie\u00dfen2\" src=\"http:\/\/www.wir-in-winden.de\/wp-content\/uploads\/2012\/10\/k\u00f6nigschie\u00dfen2.jpg\" alt=\"\" width=\"500\" height=\"301\" srcset=\"https:\/\/www.wir-in-winden.de\/wp-content\/uploads\/2012\/10\/k\u00f6nigschie\u00dfen2.jpg 886w, https:\/\/www.wir-in-winden.de\/wp-content\/uploads\/2012\/10\/k\u00f6nigschie\u00dfen2-300x181.jpg 300w\" sizes=\"auto, (max-width: 500px) 100vw, 500px\" \/><\/a><p id=\"caption-attachment-4399\" class=\"wp-caption-text\">Noch lange sa\u00dfen die Sch\u00fctzen gem\u00fctlich beisammen.<\/p><\/div>\n","protected":false},"excerpt":{"rendered":"<p>Neuer Sch\u00fctzenk\u00f6nig 2012\/13 von Winden ist Olaf Sandmann, Jugendsch\u00fctzenk\u00f6nigin ist Zoe Dennebaum. Dies ist das Ergebnis des K\u00f6nigsschie\u00dfens, das die Sch\u00fctzengesellschaft 1960 Winden am 6. Oktober veranstaltet hat.<\/p>\n","protected":false},"author":1,"featured_media":0,"comment_status":"open","ping_status":"open","sticky":false,"template":"","format":"standard","meta":{"footnotes":""},"categories":[20],"tags":[],"class_list":["post-4396","post","type-post","status-publish","format-standard","hentry","category-schutzengesellschaft"],"_links":{"self":[{"href":"https:\/\/www.wir-in-winden.de\/index.php?rest_route=\/wp\/v2\/posts\/4396","targetHints":{"allow":["GET"]}}],"collection":[{"href":"https:\/\/www.wir-in-winden.de\/index.php?rest_route=\/wp\/v2\/posts"}],"about":[{"href":"https:\/\/www.wir-in-winden.de\/index.php?rest_route=\/wp\/v2\/types\/post"}],"author":[{"embeddable":true,"href":"https:\/\/www.wir-in-winden.de\/index.php?rest_route=\/wp\/v2\/users\/1"}],"replies":[{"embeddable":true,"href":"https:\/\/www.wir-in-winden.de\/index.php?rest_route=%2Fwp%2Fv2%2Fcomments&post=4396"}],"version-history":[{"count":3,"href":"https:\/\/www.wir-in-winden.de\/index.php?rest_route=\/wp\/v2\/posts\/4396\/revisions"}],"predecessor-version":[{"id":4401,"href":"https:\/\/www.wir-in-winden.de\/index.php?rest_route=\/wp\/v2\/posts\/4396\/revisions\/4401"}],"wp:attachment":[{"href":"https:\/\/www.wir-in-winden.de\/index.php?rest_route=%2Fwp%2Fv2%2Fmedia&parent=4396"}],"wp:term":[{"taxonomy":"category","embeddable":true,"href":"https:\/\/www.wir-in-winden.de\/index.php?rest_route=%2Fwp%2Fv2%2Fcategories&post=4396"},{"taxonomy":"post_tag","embeddable":true,"href":"https:\/\/www.wir-in-winden.de\/index.php?rest_route=%2Fwp%2Fv2%2Ftags&post=4396"}],"curies":[{"name":"wp","href":"https:\/\/api.w.org\/{rel}","templated":true}]}}