{"id":436,"date":"2010-08-16T07:42:54","date_gmt":"2010-08-16T05:42:54","guid":{"rendered":"http:\/\/www.wir-in-winden.de\/?p=436"},"modified":"2010-08-18T08:54:50","modified_gmt":"2010-08-18T06:54:50","slug":"tolle-stimmung-beim-ersten-sommerbiathlon","status":"publish","type":"post","link":"https:\/\/www.wir-in-winden.de\/?p=436","title":{"rendered":"Tolle Stimmung beim ersten Sommerbiathlon"},"content":{"rendered":"<div id=\"attachment_458\" style=\"width: 513px\" class=\"wp-caption alignnone\"><a href=\"http:\/\/www.wir-in-winden.de\/wp-content\/uploads\/2010\/08\/Sommerbiathlon7.jpg\"><img loading=\"lazy\" decoding=\"async\" aria-describedby=\"caption-attachment-458\" class=\"size-full wp-image-458 \" title=\"Sommerbiathlon7\" src=\"http:\/\/www.wir-in-winden.de\/wp-content\/uploads\/2010\/08\/Sommerbiathlon7.jpg\" alt=\"\" width=\"503\" height=\"379\" srcset=\"https:\/\/www.wir-in-winden.de\/wp-content\/uploads\/2010\/08\/Sommerbiathlon7.jpg 1223w, https:\/\/www.wir-in-winden.de\/wp-content\/uploads\/2010\/08\/Sommerbiathlon7-300x225.jpg 300w, https:\/\/www.wir-in-winden.de\/wp-content\/uploads\/2010\/08\/Sommerbiathlon7-1024x771.jpg 1024w\" sizes=\"auto, (max-width: 503px) 100vw, 503px\" \/><\/a><p id=\"caption-attachment-458\" class=\"wp-caption-text\"><em>Die Kommunalpolitiker am Start, allerdings nahmen nur Landrat Kern (li.) und Ortschef Linscheid (re.) die sportliche Herausforderung an.<\/em><\/p><\/div>\n<p>Zu ihrem 50. Jubil\u00e4um hatte sich die Sch\u00fctzengesellschaft Winden selbst ein Geburtstagsgeschenk gemacht, das f\u00fcr l\u00e4ngere Zeit Bestand haben k\u00f6nnte: Der erstmals ausgetragene Sommerbiathlon, eine Kombination aus Laufen und Schie\u00dfen, stie\u00df auf gro\u00dfe sportliche Resonanz. Rund 70 Teilnehmer, so Initiator<strong> Heinz Heller<\/strong>, gingen an den Start, unter ihnen auch<strong> Landrat G\u00fcnter Kern<\/strong> und Windens <strong>Ortsb\u00fcrgermeister Gebhard Linscheid<\/strong>, beide selbst begeisterte L\u00e4ufer, sowie der Weltmeiser im Kickboxen und der Deutsche Meister im Schie\u00dfen der Geh\u00f6rlosen.<!--more--><\/p>\n<div id=\"attachment_440\" style=\"width: 302px\" class=\"wp-caption alignright\"><a href=\"http:\/\/www.wir-in-winden.de\/wp-content\/uploads\/2010\/08\/sommerbiathlon3.jpg\"><img loading=\"lazy\" decoding=\"async\" aria-describedby=\"caption-attachment-440\" class=\"size-full wp-image-440\" title=\"sommerbiathlon3\" src=\"http:\/\/www.wir-in-winden.de\/wp-content\/uploads\/2010\/08\/sommerbiathlon3.jpg\" alt=\"\" width=\"292\" height=\"221\" srcset=\"https:\/\/www.wir-in-winden.de\/wp-content\/uploads\/2010\/08\/sommerbiathlon3.jpg 921w, https:\/\/www.wir-in-winden.de\/wp-content\/uploads\/2010\/08\/sommerbiathlon3-300x227.jpg 300w\" sizes=\"auto, (max-width: 292px) 100vw, 292px\" \/><\/a><p id=\"caption-attachment-440\" class=\"wp-caption-text\"><em>Organisator Heinz Heller moderierte die Veranstaltung.<\/em><\/p><\/div>\n<p>Start und Ziel war am Sch\u00fctzenhaus am Windener Waldrand. Dorthin zog es am Nachmittag bei m\u00e4\u00dfig warmem Sommerwetter auch etliche Schaulustige, die es sich in einem Zelt gem\u00fctlich machten und die vorbeiziehenden Sportler anfeuerten. Gelaufen &#8212; wer es gem\u00e4chlicher wollte, konnte auch walken &#8212; wurde eine 1800 Meter lange Strecke durch den Wald, anschlie\u00dfend musste die L\u00e4ufer auf 15-cm-Biathlon-Klappscheiben schie\u00dfen. Gar nicht so leicht, wie viele der Freizeitsportler feststellen mussten. Denn nur wer gut trainiert war und dessen Puls aus rasch wieder herunterging, hatte Chancen, mit ruhiger Hand ins Ziel zu treffen. Eine Kunst, die Landrat Kern immerhin dreimal gelang, wie er erz\u00e4hlte. Auch mit seiner Zeit von 40:53 zeigte sich der Bad Emser Verwaltungschef zufrieden.<\/p>\n<div id=\"attachment_441\" style=\"width: 199px\" class=\"wp-caption alignleft\"><a href=\"http:\/\/www.wir-in-winden.de\/wp-content\/uploads\/2010\/08\/sommerbiathlon6.jpg\"><img loading=\"lazy\" decoding=\"async\" aria-describedby=\"caption-attachment-441\" class=\"size-full wp-image-441\" title=\"sommerbiathlon6\" src=\"http:\/\/www.wir-in-winden.de\/wp-content\/uploads\/2010\/08\/sommerbiathlon6.jpg\" alt=\"\" width=\"189\" height=\"394\" \/><\/a><p id=\"caption-attachment-441\" class=\"wp-caption-text\"><em>Landrat G\u00fcnter Kern im Gespr\u00e4ch mit Marcel Jordan von dem Koblenzer Fitness- und Massagestudio &quot;Feel Well&quot;.<\/em><\/p><\/div>\n<p>Am besten gelang dies jedoch <strong>Maximilian Specht aus Winden<\/strong>, der mit nur drei Fehlsch\u00fcssen auf eine  Gesamtzeit von 30:49 Minuten kam. Bei den Frauen zeigte <strong>Carina  Salzmann<\/strong> vom Team Naspa die beste Leistung mit einer beachtlichen Zeit von 45:25 Min. Bei den Walkern gewannen <strong>Sonja  Schwaderlapp<\/strong> mit einer Zeit von 1:01:50 Std. und <strong>Martin Nagel<\/strong> (1:06:57)\u00a0 jeweils einen Pokal verlassen. Die Teamwertung gewann der  <strong>Sch\u00fctzenverein 1927 Ergeshausen <\/strong>mit <strong>Matthias Gr\u00f6\u00dfer,  Christoph Clos, Werner Meyer und Timo Paul<\/strong>.<\/p>\n<p>Heinz Heller, der die Idee zu dieser Veranstaltung hatte, freute sich \u00fcber die &#8222;tolle Stimmung&#8220; w\u00e4hrend der Veranstaltung. Reichlich Lob gab es von Landrat Kern, Verbandsb\u00fcrgermeister <strong>Udo Rau<\/strong> und Ortschef Linscheid, die der Sch\u00fctzengesellscaft zu dieser gelungenen Idee gratulierten. Wohltuend waren zudem die Massagen des Koblenzer Fitness- und Massagestudios &#8222;Feel Well&#8220;, die m\u00fcde Muskeln rasch wieder munter machten.<\/p>\n<p>Die Sch\u00fctzengesellschaft Winden wollte mit diesem Sommerbiathlon auch neue Mitglieder gewinnen, was laut Heinz Heller auch gelungen sei. Immerhin verf\u00fcgt der Verein nach eigenen Angaben \u00fcber einen der modernsten 25-Meter-Pistolenschie\u00dfst\u00e4nde der Region. Au\u00dferdem schie\u00dfen die derzeit rund 50 Mitglieder auf 50 Meter Kleinkaliber und zehn Meter Luftgewehr.<\/p>\n<div id=\"attachment_439\" style=\"width: 513px\" class=\"wp-caption alignnone\"><img loading=\"lazy\" decoding=\"async\" aria-describedby=\"caption-attachment-439\" class=\"size-full wp-image-439 \" title=\"sommerbiathlon2\" src=\"http:\/\/www.wir-in-winden.de\/wp-content\/uploads\/2010\/08\/sommerbiathlon2.jpg\" alt=\"\" width=\"503\" height=\"377\" srcset=\"https:\/\/www.wir-in-winden.de\/wp-content\/uploads\/2010\/08\/sommerbiathlon2.jpg 921w, https:\/\/www.wir-in-winden.de\/wp-content\/uploads\/2010\/08\/sommerbiathlon2-300x225.jpg 300w\" sizes=\"auto, (max-width: 503px) 100vw, 503px\" \/><p id=\"caption-attachment-439\" class=\"wp-caption-text\"><em>Start und Ziel war am Windener Waldrand. Fotos: Christian Heller<\/em><\/p><\/div>\n<div id=\"attachment_438\" style=\"width: 516px\" class=\"wp-caption alignnone\"><a href=\"http:\/\/www.wir-in-winden.de\/wp-content\/uploads\/2010\/08\/Sommerbiathlon01.jpg\"><img loading=\"lazy\" decoding=\"async\" aria-describedby=\"caption-attachment-438\" class=\"size-full wp-image-438\" title=\"Sommerbiathlon01\" src=\"http:\/\/www.wir-in-winden.de\/wp-content\/uploads\/2010\/08\/Sommerbiathlon01.jpg\" alt=\"\" width=\"506\" height=\"285\" srcset=\"https:\/\/www.wir-in-winden.de\/wp-content\/uploads\/2010\/08\/Sommerbiathlon01.jpg 921w, https:\/\/www.wir-in-winden.de\/wp-content\/uploads\/2010\/08\/Sommerbiathlon01-300x169.jpg 300w\" sizes=\"auto, (max-width: 506px) 100vw, 506px\" \/><\/a><p id=\"caption-attachment-438\" class=\"wp-caption-text\"><em>Im Festzelt genossen viele Besucher einen warmen Sommernachmittag.<\/em><\/p><\/div>\n","protected":false},"excerpt":{"rendered":"<p>Zu ihrem 50. Jubil\u00e4um hatte sich die Sch\u00fctzengesellschaft Winden selbst ein Geburtstagsgeschenk gemacht, das f\u00fcr l\u00e4ngere Zeit Bestand haben k\u00f6nnte: Der erstmals ausgetragene Sommerbiathlon, eine Kombination aus Laufen und Schie\u00dfen, stie\u00df auf gro\u00dfe sportliche Resonanz. Rund 70 Teilnehmer, so Initiator Heinz Heller, gingen an den Start, unter ihnen auch Landrat G\u00fcnter Kern und Windens Ortsb\u00fcrgermeister [&hellip;]<\/p>\n","protected":false},"author":1,"featured_media":0,"comment_status":"open","ping_status":"open","sticky":false,"template":"","format":"standard","meta":{"footnotes":""},"categories":[20],"tags":[],"class_list":["post-436","post","type-post","status-publish","format-standard","hentry","category-schutzengesellschaft"],"_links":{"self":[{"href":"https:\/\/www.wir-in-winden.de\/index.php?rest_route=\/wp\/v2\/posts\/436","targetHints":{"allow":["GET"]}}],"collection":[{"href":"https:\/\/www.wir-in-winden.de\/index.php?rest_route=\/wp\/v2\/posts"}],"about":[{"href":"https:\/\/www.wir-in-winden.de\/index.php?rest_route=\/wp\/v2\/types\/post"}],"author":[{"embeddable":true,"href":"https:\/\/www.wir-in-winden.de\/index.php?rest_route=\/wp\/v2\/users\/1"}],"replies":[{"embeddable":true,"href":"https:\/\/www.wir-in-winden.de\/index.php?rest_route=%2Fwp%2Fv2%2Fcomments&post=436"}],"version-history":[{"count":9,"href":"https:\/\/www.wir-in-winden.de\/index.php?rest_route=\/wp\/v2\/posts\/436\/revisions"}],"predecessor-version":[{"id":473,"href":"https:\/\/www.wir-in-winden.de\/index.php?rest_route=\/wp\/v2\/posts\/436\/revisions\/473"}],"wp:attachment":[{"href":"https:\/\/www.wir-in-winden.de\/index.php?rest_route=%2Fwp%2Fv2%2Fmedia&parent=436"}],"wp:term":[{"taxonomy":"category","embeddable":true,"href":"https:\/\/www.wir-in-winden.de\/index.php?rest_route=%2Fwp%2Fv2%2Fcategories&post=436"},{"taxonomy":"post_tag","embeddable":true,"href":"https:\/\/www.wir-in-winden.de\/index.php?rest_route=%2Fwp%2Fv2%2Ftags&post=436"}],"curies":[{"name":"wp","href":"https:\/\/api.w.org\/{rel}","templated":true}]}}