{"id":3895,"date":"2012-07-02T07:38:11","date_gmt":"2012-07-02T05:38:11","guid":{"rendered":"http:\/\/www.wir-in-winden.de\/?p=3895"},"modified":"2012-07-02T23:17:40","modified_gmt":"2012-07-02T21:17:40","slug":"unser-dorf-winden-im-landesentscheid","status":"publish","type":"post","link":"https:\/\/www.wir-in-winden.de\/?p=3895","title":{"rendered":"&#8222;Unser Dorf&#8220;: Winden im Landesentscheid"},"content":{"rendered":"<div id=\"attachment_3900\" style=\"width: 510px\" class=\"wp-caption alignnone\"><a href=\"http:\/\/www.wir-in-winden.de\/wp-content\/uploads\/2012\/07\/Beziksentscheid-019.jpg\"><img loading=\"lazy\" decoding=\"async\" aria-describedby=\"caption-attachment-3900\" class=\"size-full wp-image-3900\" title=\"Beziksentscheid 019\" src=\"http:\/\/www.wir-in-winden.de\/wp-content\/uploads\/2012\/07\/Beziksentscheid-019.jpg\" alt=\"\" width=\"500\" height=\"331\" srcset=\"https:\/\/www.wir-in-winden.de\/wp-content\/uploads\/2012\/07\/Beziksentscheid-019.jpg 886w, https:\/\/www.wir-in-winden.de\/wp-content\/uploads\/2012\/07\/Beziksentscheid-019-300x199.jpg 300w\" sizes=\"auto, (max-width: 500px) 100vw, 500px\" \/><\/a><p id=\"caption-attachment-3900\" class=\"wp-caption-text\"><em>Ortsb\u00fcrgermeister Gebhard Linscheid erkl\u00e4rte der Jury den Abriss von H\u00e4usern in der Hauptstra\u00dfe.<\/em> <\/p><\/div>\n<p>Mit einem tollen zweiten Platz im Gebietsentscheid der Sonderklasse hat die<strong> Ortsgemeinde Winden<\/strong> die n\u00e4chste Stufe im Wettbewerb &#8222;Unser Dorf  hat Zukunft 2012&#8220; erklommen. Im September stellt sich die Westerwaldgemeinde im Rhein-Lahn-Kreis nun der Jury im Landesentscheid. Ortsb\u00fcrgermeister <strong>Gebhard Linscheid<\/strong> zeigte sich zufrieden mit dem erzielten Ergebnis: &#8222;Wir k\u00f6nnen wirklich stolz sein, was wir als Windener geleistet haben. Herzlichen Dank f\u00fcr die tolle Unterst\u00fctzung! Wir gratulieren auch der Gemeinde Obernhof f\u00fcr den zweiten Platz in der Hauptklasse. Das zeigt, dass die Verbandsgemeinde Nassau zukunftsf\u00e4hige Gemeinden hat.&#8220;<\/p>\n<p>Die 708-Seelen-Gemeinde Winden sei mit ihrem Motto &#8222;Frischer Wind f\u00fcr Winden&#8220; auf dem richtigen Weg in die Zukunft, urteilte die Jury nach ihrer j\u00fcngsten Besichtigung des Dorfes. Als Schwerpunktgemeinde mit der Fortschreibung des Dorferneuerungskonzeptes und einer sehr intensiven, transparenten Dorfmoderation und Dorfwerkstatt sei der richtige Weg f\u00fcr die &#8222;Auspendlergemeinde&#8220; zu einer &#8222;vitalen Lebensmittelpunktgemeinde&#8220; mit relativ g\u00fcnstiger Verkehrsanbindung und trotzdem mit landschaftlicher Attraktivit\u00e4t gesegneten Lage eingeschlagen worden.<\/p>\n<p>Besonders lobten die Wertungsrichter<!--more-->den Dorfladen und das benachbarte Dorfcaf\u00e9 in der Ortsmitte. Sie seien der Kern f\u00fcr die Sicherung einer Mindestinfrastruktur. Die von der Ortsgemeinde angestrebte Kooperation innerhalb des Dorfes sorge daf\u00fcr, dass die Funktionen Arbeiten und Versorgen erhalten blieben. Dorfflurbereinigung im Innerort sowie die Breitbandverkabelung seien Voraussetzung f\u00fcr eine weitere attraktive Entwicklung, wobei die inner\u00f6rtliche Flurbereinigung auch die demographischen Siedlungsstrukturen (Jahresringe) im Blick habe.<\/p>\n<div id=\"attachment_3898\" style=\"width: 511px\" class=\"wp-caption alignnone\"><a href=\"http:\/\/www.wir-in-winden.de\/wp-content\/uploads\/2012\/07\/Beziksentscheid-010.jpg\"><img loading=\"lazy\" decoding=\"async\" aria-describedby=\"caption-attachment-3898\" class=\"size-full wp-image-3898\" title=\"Beziksentscheid 010\" src=\"http:\/\/www.wir-in-winden.de\/wp-content\/uploads\/2012\/07\/Beziksentscheid-010.jpg\" alt=\"\" width=\"501\" height=\"332\" srcset=\"https:\/\/www.wir-in-winden.de\/wp-content\/uploads\/2012\/07\/Beziksentscheid-010.jpg 886w, https:\/\/www.wir-in-winden.de\/wp-content\/uploads\/2012\/07\/Beziksentscheid-010-300x199.jpg 300w\" sizes=\"auto, (max-width: 501px) 100vw, 501px\" \/><\/a><p id=\"caption-attachment-3898\" class=\"wp-caption-text\"><em>Lisa Herman erl\u00e4uterte das Projekt &quot;So sehen Jugendliche Winden&quot;. <\/em><\/p><\/div>\n<p>Ein dickes Lob spendete die Jury auch der Gemeindeverwaltung: Indem sie Platz mache f\u00fcr eine Erweiterung des Kindergartens mit Ganztagesbetreuung werde der Stellenwert der sozialen Grundversorgung in Winden betont. Vorbildlich sei auch das Diskussionsforum f\u00fcr B\u00fcrger  im Internet (www.wir-in-winden.de). Insgesamt sei in Winden eine Aufbruchstimmung und der gerade einsetzende Wandel, der &#8222;frische Wind&#8220; eben &#8211; im gesamten Ort zu sp\u00fcren. Dies zeige sich an der begeisterten Bev\u00f6lkerung, die die Impulse aus der Dorfmoderation und der Dorfwerkstatt aktiv aufgenommen und weiterentwickelt habe.<\/p>\n<p>Grundlage der guten Entwicklung der Gemeinde Winden sei das hohe b\u00fcrgerschaftliche Engagement, hei\u00dft es weiter in der Jury-Begr\u00fcndung. Freiwillige Helfer h\u00e4tten sich bei der Einrichtung und beim Betrieb des Dorfladens eingebracht und die Errichtung des Dorfcaf\u00e9s als Treffpunkt im Ort erm\u00f6glicht. Posistiv werten sie das Angebot der Windener Vereine: Sie bieten ein breites Angebot in den Bereichen Sport, Kunst und Kultur f\u00fcr alle Generationen. Die \u00e4lteren Menschen werden mit Seniorenturnen und einem Seniorenfr\u00fchst\u00fcck angesprochen. Das Sommercamp f\u00fcr Jugendliche sei ein begehrtes Angebot in den Ferien. Mit dem Imkern mit Kindern sei ein  neues Angebot geschaffen worden. Die von den Gewerbetreibenden veranstaltete Gewerbemesse biete den ortsans\u00e4ssigen Betrieben eine Plattform.<\/p>\n<div id=\"attachment_3899\" style=\"width: 370px\" class=\"wp-caption alignnone\"><a href=\"http:\/\/www.wir-in-winden.de\/wp-content\/uploads\/2012\/07\/Beziksentscheid-012.jpg\"><img loading=\"lazy\" decoding=\"async\" aria-describedby=\"caption-attachment-3899\" class=\"size-full wp-image-3899  \" title=\"Beziksentscheid 012\" src=\"http:\/\/www.wir-in-winden.de\/wp-content\/uploads\/2012\/07\/Beziksentscheid-012.jpg\" alt=\"\" width=\"360\" height=\"238\" srcset=\"https:\/\/www.wir-in-winden.de\/wp-content\/uploads\/2012\/07\/Beziksentscheid-012.jpg 886w, https:\/\/www.wir-in-winden.de\/wp-content\/uploads\/2012\/07\/Beziksentscheid-012-300x199.jpg 300w\" sizes=\"auto, (max-width: 360px) 100vw, 360px\" \/><\/a><p id=\"caption-attachment-3899\" class=\"wp-caption-text\"><em>Klaus Klein und Kurt Meuer \u00fcberzeugen Dr. Spangenberger von der hohen Kunst der Schinkenherstellung.<\/em><\/p><\/div>\n<p>In der Ortsgemeinde Winden werde die Innenentwicklung in vorrangiger Weise verfolgt. Zum einen werde die Modernisierung von privaten Geb\u00e4uden durch Beratungsangebote forciert. Zum anderen werde durch die inner\u00f6rtliche Flurbereinigung, die derzeit erarbeitet wird, die M\u00f6glichkeit f\u00fcr zus\u00e4tzliche Baut\u00e4tigkeit im Ortskern und f\u00fcr neue inner\u00f6rtliche Wegeverbindungen er\u00f6ffnet. Des Weiteren sei der Ortskern durch Dorfladen und Dorfcaf\u00e9 in funktionaler und baugestalterischer Hinsicht deutlich aufgewertet worden.<\/p>\n<p>Auchb das \u00e4u\u00dfere Erscheinungsbild hat die Jury beeindruckt. Sie schreibt: &#8222;Der d\u00f6rfliche Charakter von Winden wird durch die Gr\u00fcngestaltung des Ortes unterstrichen. Liebevoll angelegte Hausg\u00e4rten, Blumenschmuck, Bauerng\u00e4rten, Obstwiesen und ein gepflegtes Stra\u00dfenbegleitgr\u00fcn sorgen f\u00fcr eine abwechslungsreiche Durchgr\u00fcnung des Ortes. Die Bedeutung der Pflanzenauswahl und -vielfalt kann den Windener Kindern und Jugendlichen \u00fcber ihre Imkert\u00e4tigkeit perfekt nahegebracht werden.&#8220;<\/p>\n<p>Mit dem R\u00fcckgang der Landwirtschaft legten Windener vor einigen Jahrzehnten im gro\u00dfen Stil auf den flachgr\u00fcndigen und ertragsarmen B\u00f6den Weihnachtsbaumkulturen an. Heute w\u00fcrden diese Spuren der Vergangenheit nach und nach beseitigt, und die Ortsgemeinde unternehme gro\u00dfe Anstrengungen, die Weihnachtsbaumkulturen wieder in extensives Gr\u00fcnland umzuwandeln, auf dem Schafe, Ziegen und Rinder grasen, so dass sich die strukturreichen Wiesen und Weiden zu artenreichen Tierlebensr\u00e4umen entwickeln konnten. Der aktive Umgang mit der Landschaft zeige sich bei den Imkern, die Kinder und Jugendliche mit flei\u00dfigen Honigbienen vertraut machen, oder auch in der Pflege und Nutzung von Obstb\u00e4umen.<\/p>\n<div id=\"attachment_3897\" style=\"width: 511px\" class=\"wp-caption alignnone\"><a href=\"http:\/\/www.wir-in-winden.de\/wp-content\/uploads\/2012\/07\/Beziksentscheid-003.jpg\"><img loading=\"lazy\" decoding=\"async\" aria-describedby=\"caption-attachment-3897\" class=\"size-full wp-image-3897\" title=\"Beziksentscheid 003\" src=\"http:\/\/www.wir-in-winden.de\/wp-content\/uploads\/2012\/07\/Beziksentscheid-003.jpg\" alt=\"\" width=\"501\" height=\"332\" srcset=\"https:\/\/www.wir-in-winden.de\/wp-content\/uploads\/2012\/07\/Beziksentscheid-003.jpg 886w, https:\/\/www.wir-in-winden.de\/wp-content\/uploads\/2012\/07\/Beziksentscheid-003-300x199.jpg 300w\" sizes=\"auto, (max-width: 501px) 100vw, 501px\" \/><\/a><p id=\"caption-attachment-3897\" class=\"wp-caption-text\"><em>Markus R\u00fcbsamen machte deutlich, wie gleiche Gegenst\u00e4nde unterschiedlich betrachtet werden k\u00f6nnen. <\/em><\/p><\/div>\n","protected":false},"excerpt":{"rendered":"<p>Mit einem tollen zweiten Platz im Gebietsentscheid der Sonderklasse hat die Ortsgemeinde Winden die n\u00e4chste Stufe im Wettbewerb &#8222;Unser Dorf hat Zukunft 2012&#8220; erklommen. Im September stellt sich die Westerwaldgemeinde im Rhein-Lahn-Kreis nun der Jury im Landesentscheid. Ortsb\u00fcrgermeister Gebhard Linscheid zeigte sich zufrieden mit dem erzielten Ergebnis: &#8222;Wir k\u00f6nnen wirklich stolz sein, was wir als [&hellip;]<\/p>\n","protected":false},"author":1,"featured_media":0,"comment_status":"open","ping_status":"open","sticky":false,"template":"","format":"standard","meta":{"footnotes":""},"categories":[8,52,24],"tags":[],"class_list":["post-3895","post","type-post","status-publish","format-standard","hentry","category-dorfentwicklung","category-dorfmoderation","category-dorfwerkstatt"],"_links":{"self":[{"href":"https:\/\/www.wir-in-winden.de\/index.php?rest_route=\/wp\/v2\/posts\/3895","targetHints":{"allow":["GET"]}}],"collection":[{"href":"https:\/\/www.wir-in-winden.de\/index.php?rest_route=\/wp\/v2\/posts"}],"about":[{"href":"https:\/\/www.wir-in-winden.de\/index.php?rest_route=\/wp\/v2\/types\/post"}],"author":[{"embeddable":true,"href":"https:\/\/www.wir-in-winden.de\/index.php?rest_route=\/wp\/v2\/users\/1"}],"replies":[{"embeddable":true,"href":"https:\/\/www.wir-in-winden.de\/index.php?rest_route=%2Fwp%2Fv2%2Fcomments&post=3895"}],"version-history":[{"count":6,"href":"https:\/\/www.wir-in-winden.de\/index.php?rest_route=\/wp\/v2\/posts\/3895\/revisions"}],"predecessor-version":[{"id":3946,"href":"https:\/\/www.wir-in-winden.de\/index.php?rest_route=\/wp\/v2\/posts\/3895\/revisions\/3946"}],"wp:attachment":[{"href":"https:\/\/www.wir-in-winden.de\/index.php?rest_route=%2Fwp%2Fv2%2Fmedia&parent=3895"}],"wp:term":[{"taxonomy":"category","embeddable":true,"href":"https:\/\/www.wir-in-winden.de\/index.php?rest_route=%2Fwp%2Fv2%2Fcategories&post=3895"},{"taxonomy":"post_tag","embeddable":true,"href":"https:\/\/www.wir-in-winden.de\/index.php?rest_route=%2Fwp%2Fv2%2Ftags&post=3895"}],"curies":[{"name":"wp","href":"https:\/\/api.w.org\/{rel}","templated":true}]}}