{"id":384,"date":"2010-08-03T07:59:53","date_gmt":"2010-08-03T05:59:53","guid":{"rendered":"http:\/\/www.wir-in-winden.de\/?p=384"},"modified":"2010-08-03T07:59:53","modified_gmt":"2010-08-03T05:59:53","slug":"sommerbiathlon-in-winden","status":"publish","type":"post","link":"https:\/\/www.wir-in-winden.de\/?p=384","title":{"rendered":"Sommerbiathlon in Winden"},"content":{"rendered":"<p>Jeder kann mitmachen beim Sommerbiathlon der <strong>Sch\u00fctzengesellschaft Winden<\/strong> am<strong> Samstag, 14. August, ab 13 Uhr<\/strong>. \u00dcberall im Ort werben Plakate f\u00fcr das sportliche Ereignis. &#8222;Wir in Winden&#8220; ver\u00f6ffentlicht das Plakat an dieser Stelle ebenfalls gerne.<br \/>\n<a href=\"http:\/\/www.wir-in-winden.de\/wp-content\/uploads\/2010\/08\/Sommerbiathlon.jpg\"><img loading=\"lazy\" decoding=\"async\" class=\"alignnone size-full wp-image-385\" title=\"Sommerbiathlon\" src=\"http:\/\/www.wir-in-winden.de\/wp-content\/uploads\/2010\/08\/Sommerbiathlon.jpg\" alt=\"\" width=\"500\" height=\"706\" srcset=\"https:\/\/www.wir-in-winden.de\/wp-content\/uploads\/2010\/08\/Sommerbiathlon.jpg 652w, https:\/\/www.wir-in-winden.de\/wp-content\/uploads\/2010\/08\/Sommerbiathlon-212x300.jpg 212w\" sizes=\"auto, (max-width: 500px) 100vw, 500px\" \/><\/a><\/p>\n","protected":false},"excerpt":{"rendered":"<p>Jeder kann mitmachen beim Sommerbiathlon der Sch\u00fctzengesellschaft Winden am Samstag, 14. August, ab 13 Uhr. \u00dcberall im Ort werben Plakate f\u00fcr das sportliche Ereignis. &#8222;Wir in Winden&#8220; ver\u00f6ffentlicht das Plakat an dieser Stelle ebenfalls gerne.<\/p>\n","protected":false},"author":1,"featured_media":0,"comment_status":"open","ping_status":"open","sticky":false,"template":"","format":"standard","meta":{"footnotes":""},"categories":[20,15],"tags":[],"class_list":["post-384","post","type-post","status-publish","format-standard","hentry","category-schutzengesellschaft","category-sport"],"_links":{"self":[{"href":"https:\/\/www.wir-in-winden.de\/index.php?rest_route=\/wp\/v2\/posts\/384","targetHints":{"allow":["GET"]}}],"collection":[{"href":"https:\/\/www.wir-in-winden.de\/index.php?rest_route=\/wp\/v2\/posts"}],"about":[{"href":"https:\/\/www.wir-in-winden.de\/index.php?rest_route=\/wp\/v2\/types\/post"}],"author":[{"embeddable":true,"href":"https:\/\/www.wir-in-winden.de\/index.php?rest_route=\/wp\/v2\/users\/1"}],"replies":[{"embeddable":true,"href":"https:\/\/www.wir-in-winden.de\/index.php?rest_route=%2Fwp%2Fv2%2Fcomments&post=384"}],"version-history":[{"count":1,"href":"https:\/\/www.wir-in-winden.de\/index.php?rest_route=\/wp\/v2\/posts\/384\/revisions"}],"predecessor-version":[{"id":386,"href":"https:\/\/www.wir-in-winden.de\/index.php?rest_route=\/wp\/v2\/posts\/384\/revisions\/386"}],"wp:attachment":[{"href":"https:\/\/www.wir-in-winden.de\/index.php?rest_route=%2Fwp%2Fv2%2Fmedia&parent=384"}],"wp:term":[{"taxonomy":"category","embeddable":true,"href":"https:\/\/www.wir-in-winden.de\/index.php?rest_route=%2Fwp%2Fv2%2Fcategories&post=384"},{"taxonomy":"post_tag","embeddable":true,"href":"https:\/\/www.wir-in-winden.de\/index.php?rest_route=%2Fwp%2Fv2%2Ftags&post=384"}],"curies":[{"name":"wp","href":"https:\/\/api.w.org\/{rel}","templated":true}]}}