{"id":3364,"date":"2012-02-17T10:08:32","date_gmt":"2012-02-17T08:08:32","guid":{"rendered":"http:\/\/www.wir-in-winden.de\/?p=3364"},"modified":"2012-02-17T10:09:37","modified_gmt":"2012-02-17T08:09:37","slug":"haushalt-2012-ist-thema-im-gemeinderat","status":"publish","type":"post","link":"https:\/\/www.wir-in-winden.de\/?p=3364","title":{"rendered":"Haushalt 2012 ist Thema im Gemeinderat"},"content":{"rendered":"<p>\u00dcber den Haushaltsplan 2012 ber\u00e4t und beschlie\u00dft der Ortsgemeinderat in seiner Sitzung am<strong> Montag, 5. M\u00e4rz, 19.30 Uhr,<\/strong> im<strong> Pfarrheim<\/strong>. Insgesamt 13 Tagesordnungspunkte hat das &#8222;Dorf-Parlament&#8220; in einem Sitzungsmarathon zu bew\u00e4ltigen.<br \/>\nBereits am 1. M\u00e4rz pr\u00fcft der Rechungspr\u00fcfungsausschuss die Jahresrechung 2010 und 2009, \u00fcber die der Gemeinderat dann zu beschlie\u00dfen hat. Auch die \u00fcber- und au\u00dferplanm\u00e4\u00dfigen Ausgaben 2009 und 2010 werden dem Rat zur Genehmigung vorgelegt. Anschlie\u00dfend wird \u00fcber die Entlastung des Ortsb\u00fcrgermeisters und Beigeordneten, die ihn vertreten haben, entschieden. In einer Einwohnerfragestunde haben die B\u00fcrgerinnen und B\u00fcrger die M\u00f6glichkeit, Fragen zu \u00f6rtlichen Angelegenheiten zu stellen. Weitere Punkte der \u00f6ffentlichen Tagesordnung sind die Annahme von Spenden an die Ortsgemeinde und eine Entscheidung \u00fcber die Teilnahme Windens am Wettbewerb &#8222;Unser Dorf hat Zukunft&#8220;. Es folgen die Mitteilungen des Ortsb\u00fcrgermeisters sowie Anfragen der Ratsmitglieder. Im nicht\u00f6ffentlichen Teil der Sitzung werden Bauangelegenheiten behandelt. <\/p>\n","protected":false},"excerpt":{"rendered":"<p>\u00dcber den Haushaltsplan 2012 ber\u00e4t und beschlie\u00dft der Ortsgemeinderat in seiner Sitzung am Montag, 5. M\u00e4rz, 19.30 Uhr, im Pfarrheim. Insgesamt 13 Tagesordnungspunkte hat das &#8222;Dorf-Parlament&#8220; in einem Sitzungsmarathon zu bew\u00e4ltigen. Bereits am 1. M\u00e4rz pr\u00fcft der Rechungspr\u00fcfungsausschuss die Jahresrechung 2010 und 2009, \u00fcber die der Gemeinderat dann zu beschlie\u00dfen hat. Auch die \u00fcber- und [&hellip;]<\/p>\n","protected":false},"author":1,"featured_media":0,"comment_status":"open","ping_status":"open","sticky":false,"template":"","format":"standard","meta":{"footnotes":""},"categories":[5],"tags":[],"class_list":["post-3364","post","type-post","status-publish","format-standard","hentry","category-gemeinderat"],"_links":{"self":[{"href":"https:\/\/www.wir-in-winden.de\/index.php?rest_route=\/wp\/v2\/posts\/3364","targetHints":{"allow":["GET"]}}],"collection":[{"href":"https:\/\/www.wir-in-winden.de\/index.php?rest_route=\/wp\/v2\/posts"}],"about":[{"href":"https:\/\/www.wir-in-winden.de\/index.php?rest_route=\/wp\/v2\/types\/post"}],"author":[{"embeddable":true,"href":"https:\/\/www.wir-in-winden.de\/index.php?rest_route=\/wp\/v2\/users\/1"}],"replies":[{"embeddable":true,"href":"https:\/\/www.wir-in-winden.de\/index.php?rest_route=%2Fwp%2Fv2%2Fcomments&post=3364"}],"version-history":[{"count":3,"href":"https:\/\/www.wir-in-winden.de\/index.php?rest_route=\/wp\/v2\/posts\/3364\/revisions"}],"predecessor-version":[{"id":3367,"href":"https:\/\/www.wir-in-winden.de\/index.php?rest_route=\/wp\/v2\/posts\/3364\/revisions\/3367"}],"wp:attachment":[{"href":"https:\/\/www.wir-in-winden.de\/index.php?rest_route=%2Fwp%2Fv2%2Fmedia&parent=3364"}],"wp:term":[{"taxonomy":"category","embeddable":true,"href":"https:\/\/www.wir-in-winden.de\/index.php?rest_route=%2Fwp%2Fv2%2Fcategories&post=3364"},{"taxonomy":"post_tag","embeddable":true,"href":"https:\/\/www.wir-in-winden.de\/index.php?rest_route=%2Fwp%2Fv2%2Ftags&post=3364"}],"curies":[{"name":"wp","href":"https:\/\/api.w.org\/{rel}","templated":true}]}}