{"id":3261,"date":"2012-01-12T08:37:06","date_gmt":"2012-01-12T06:37:06","guid":{"rendered":"http:\/\/www.wir-in-winden.de\/?p=3261"},"modified":"2012-01-12T08:37:06","modified_gmt":"2012-01-12T06:37:06","slug":"windener-schutzen-feiern-in-bester-stimmung","status":"publish","type":"post","link":"https:\/\/www.wir-in-winden.de\/?p=3261","title":{"rendered":"Windener Sch\u00fctzen feiern in bester Stimmung"},"content":{"rendered":"<p>Mehr als 40 Mitglieder haben an der Weihnachtsfeier der <strong>Windener Sch\u00fctzengesellschaft<\/strong> am 10. Dezember im Sch\u00fctzenhaus teilgenommen. Es gab exzellentes Essen: G\u00e4nsekeulen aus einem transportablen Ofen, handgemachte Kl\u00f6\u00dfe von Sonja Schwaderlapp und Rotkohl. Als besonderen H\u00f6hepunkt des gelungenen Abends hatte Sascha Handwerker seine Popcornmaschine dabei und zauberte verschiedene weihnachtliche Popcornvarianten zum Nachtisch. Einmal mehr zeigte sich der gute Zusammmenhalt innerhalb der Sch\u00fctzengesellschaft, die in besterr Stimmung zu feiern wei\u00df.<\/p>\n","protected":false},"excerpt":{"rendered":"<p>Mehr als 40 Mitglieder haben an der Weihnachtsfeier der Windener Sch\u00fctzengesellschaft am 10. Dezember im Sch\u00fctzenhaus teilgenommen. Es gab exzellentes Essen: G\u00e4nsekeulen aus einem transportablen Ofen, handgemachte Kl\u00f6\u00dfe von Sonja Schwaderlapp und Rotkohl. Als besonderen H\u00f6hepunkt des gelungenen Abends hatte Sascha Handwerker seine Popcornmaschine dabei und zauberte verschiedene weihnachtliche Popcornvarianten zum Nachtisch. Einmal mehr zeigte [&hellip;]<\/p>\n","protected":false},"author":1,"featured_media":0,"comment_status":"open","ping_status":"open","sticky":false,"template":"","format":"standard","meta":{"footnotes":""},"categories":[20],"tags":[],"class_list":["post-3261","post","type-post","status-publish","format-standard","hentry","category-schutzengesellschaft"],"_links":{"self":[{"href":"https:\/\/www.wir-in-winden.de\/index.php?rest_route=\/wp\/v2\/posts\/3261","targetHints":{"allow":["GET"]}}],"collection":[{"href":"https:\/\/www.wir-in-winden.de\/index.php?rest_route=\/wp\/v2\/posts"}],"about":[{"href":"https:\/\/www.wir-in-winden.de\/index.php?rest_route=\/wp\/v2\/types\/post"}],"author":[{"embeddable":true,"href":"https:\/\/www.wir-in-winden.de\/index.php?rest_route=\/wp\/v2\/users\/1"}],"replies":[{"embeddable":true,"href":"https:\/\/www.wir-in-winden.de\/index.php?rest_route=%2Fwp%2Fv2%2Fcomments&post=3261"}],"version-history":[{"count":1,"href":"https:\/\/www.wir-in-winden.de\/index.php?rest_route=\/wp\/v2\/posts\/3261\/revisions"}],"predecessor-version":[{"id":3262,"href":"https:\/\/www.wir-in-winden.de\/index.php?rest_route=\/wp\/v2\/posts\/3261\/revisions\/3262"}],"wp:attachment":[{"href":"https:\/\/www.wir-in-winden.de\/index.php?rest_route=%2Fwp%2Fv2%2Fmedia&parent=3261"}],"wp:term":[{"taxonomy":"category","embeddable":true,"href":"https:\/\/www.wir-in-winden.de\/index.php?rest_route=%2Fwp%2Fv2%2Fcategories&post=3261"},{"taxonomy":"post_tag","embeddable":true,"href":"https:\/\/www.wir-in-winden.de\/index.php?rest_route=%2Fwp%2Fv2%2Ftags&post=3261"}],"curies":[{"name":"wp","href":"https:\/\/api.w.org\/{rel}","templated":true}]}}