{"id":3258,"date":"2012-01-10T20:25:42","date_gmt":"2012-01-10T18:25:42","guid":{"rendered":"http:\/\/www.wir-in-winden.de\/?p=3258"},"modified":"2012-01-10T20:25:42","modified_gmt":"2012-01-10T18:25:42","slug":"forstplan-und-dorfladen-im-gemeinderat","status":"publish","type":"post","link":"https:\/\/www.wir-in-winden.de\/?p=3258","title":{"rendered":"Forstplan und Dorfladen im Gemeinderat"},"content":{"rendered":"<p>Zur ersten Gemeinderatssitzung im neuen Jahr hat Ortsb\u00fcrgermeister <strong>Gebhard Linscheid<\/strong> f\u00fcr <strong>Montag, 16. Januar, 19.30 Uhr, <\/strong>ins <strong>Pfarrheim<\/strong> eingeladen. In der Sitzung soll der Forstwirtschaftplan beraten und beschlossen werden, au\u00dferdem geht es um die Gew\u00e4hrung eines weiteren finanziellen Zuschusses der Ortsgemeide Winden zum Dorfladen. Au\u00dferdem haben die Ratsmitglieder die M\u00f6glichkeit, Anfragen zu stellen, zudem wird Ortsb\u00fcrgermeister Linscheid wird die Ratsmitglieder \u00fcber aktuelle Themen informieren. Im nicht \u00f6ffentlichen Teil werden Grundst\u00fcckangelegenheiten besprochen.<\/p>\n","protected":false},"excerpt":{"rendered":"<p>Zur ersten Gemeinderatssitzung im neuen Jahr hat Ortsb\u00fcrgermeister Gebhard Linscheid f\u00fcr Montag, 16. Januar, 19.30 Uhr, ins Pfarrheim eingeladen. In der Sitzung soll der Forstwirtschaftplan beraten und beschlossen werden, au\u00dferdem geht es um die Gew\u00e4hrung eines weiteren finanziellen Zuschusses der Ortsgemeide Winden zum Dorfladen. Au\u00dferdem haben die Ratsmitglieder die M\u00f6glichkeit, Anfragen zu stellen, zudem wird [&hellip;]<\/p>\n","protected":false},"author":1,"featured_media":0,"comment_status":"open","ping_status":"open","sticky":false,"template":"","format":"standard","meta":{"footnotes":""},"categories":[5],"tags":[],"class_list":["post-3258","post","type-post","status-publish","format-standard","hentry","category-gemeinderat"],"_links":{"self":[{"href":"https:\/\/www.wir-in-winden.de\/index.php?rest_route=\/wp\/v2\/posts\/3258","targetHints":{"allow":["GET"]}}],"collection":[{"href":"https:\/\/www.wir-in-winden.de\/index.php?rest_route=\/wp\/v2\/posts"}],"about":[{"href":"https:\/\/www.wir-in-winden.de\/index.php?rest_route=\/wp\/v2\/types\/post"}],"author":[{"embeddable":true,"href":"https:\/\/www.wir-in-winden.de\/index.php?rest_route=\/wp\/v2\/users\/1"}],"replies":[{"embeddable":true,"href":"https:\/\/www.wir-in-winden.de\/index.php?rest_route=%2Fwp%2Fv2%2Fcomments&post=3258"}],"version-history":[{"count":2,"href":"https:\/\/www.wir-in-winden.de\/index.php?rest_route=\/wp\/v2\/posts\/3258\/revisions"}],"predecessor-version":[{"id":3260,"href":"https:\/\/www.wir-in-winden.de\/index.php?rest_route=\/wp\/v2\/posts\/3258\/revisions\/3260"}],"wp:attachment":[{"href":"https:\/\/www.wir-in-winden.de\/index.php?rest_route=%2Fwp%2Fv2%2Fmedia&parent=3258"}],"wp:term":[{"taxonomy":"category","embeddable":true,"href":"https:\/\/www.wir-in-winden.de\/index.php?rest_route=%2Fwp%2Fv2%2Fcategories&post=3258"},{"taxonomy":"post_tag","embeddable":true,"href":"https:\/\/www.wir-in-winden.de\/index.php?rest_route=%2Fwp%2Fv2%2Ftags&post=3258"}],"curies":[{"name":"wp","href":"https:\/\/api.w.org\/{rel}","templated":true}]}}