{"id":3227,"date":"2011-12-21T08:48:22","date_gmt":"2011-12-21T06:48:22","guid":{"rendered":"http:\/\/www.wir-in-winden.de\/?p=3227"},"modified":"2011-12-21T19:52:28","modified_gmt":"2011-12-21T17:52:28","slug":"vorerst-keine-neue-beschallungsanlage","status":"publish","type":"post","link":"https:\/\/www.wir-in-winden.de\/?p=3227","title":{"rendered":"Vorerst keine neue Beschallungsanlage"},"content":{"rendered":"<p>Die Ortsgemeinde Winden wird aller Voraussicht nach zun\u00e4chst keinen Zuschuss zum Kauf einer neuen Beschallungsanlage f\u00fcr das B\u00fcrgerhaus zahlen. Wie Ortsb\u00fcrgermeister <strong>Gebhard Linscheid<\/strong> in der j\u00fcngsten Sitzung des Gemeinderats mitteilte, ist eine professionelle, von einem Ingenieurb\u00fcro geplante Anlage nach jetziger Haushaltslage nicht zu finanzieren. Linscheid schlug deshalb vor, die vorhandene Anlage zu behalten und &#8211; falls ben\u00f6tigt- bei Gro\u00dfveranstaltungen die entsprechende Technik anzumieten. Diese Meinung wurde von vielen Ratsmitgleidern geteilt. Mit dem<strong> B\u00fcrgerverein<\/strong> soll \u00fcber das Thema gesprochen werden. Der Erste Ortsbeigeordnete <strong>Heinz J\u00fcrgen Schl\u00f6sse<\/strong>r regte an, im Falle einer Neuanschaffung der Beschallungsanlage eine bedienerfreundliche Technik zu w\u00e4hlen.<\/p>\n","protected":false},"excerpt":{"rendered":"<p>Die Ortsgemeinde Winden wird aller Voraussicht nach zun\u00e4chst keinen Zuschuss zum Kauf einer neuen Beschallungsanlage f\u00fcr das B\u00fcrgerhaus zahlen. Wie Ortsb\u00fcrgermeister Gebhard Linscheid in der j\u00fcngsten Sitzung des Gemeinderats mitteilte, ist eine professionelle, von einem Ingenieurb\u00fcro geplante Anlage nach jetziger Haushaltslage nicht zu finanzieren. Linscheid schlug deshalb vor, die vorhandene Anlage zu behalten und &#8211; [&hellip;]<\/p>\n","protected":false},"author":1,"featured_media":0,"comment_status":"open","ping_status":"open","sticky":false,"template":"","format":"standard","meta":{"footnotes":""},"categories":[6,5],"tags":[],"class_list":["post-3227","post","type-post","status-publish","format-standard","hentry","category-burgerverein","category-gemeinderat"],"_links":{"self":[{"href":"https:\/\/www.wir-in-winden.de\/index.php?rest_route=\/wp\/v2\/posts\/3227","targetHints":{"allow":["GET"]}}],"collection":[{"href":"https:\/\/www.wir-in-winden.de\/index.php?rest_route=\/wp\/v2\/posts"}],"about":[{"href":"https:\/\/www.wir-in-winden.de\/index.php?rest_route=\/wp\/v2\/types\/post"}],"author":[{"embeddable":true,"href":"https:\/\/www.wir-in-winden.de\/index.php?rest_route=\/wp\/v2\/users\/1"}],"replies":[{"embeddable":true,"href":"https:\/\/www.wir-in-winden.de\/index.php?rest_route=%2Fwp%2Fv2%2Fcomments&post=3227"}],"version-history":[{"count":3,"href":"https:\/\/www.wir-in-winden.de\/index.php?rest_route=\/wp\/v2\/posts\/3227\/revisions"}],"predecessor-version":[{"id":3233,"href":"https:\/\/www.wir-in-winden.de\/index.php?rest_route=\/wp\/v2\/posts\/3227\/revisions\/3233"}],"wp:attachment":[{"href":"https:\/\/www.wir-in-winden.de\/index.php?rest_route=%2Fwp%2Fv2%2Fmedia&parent=3227"}],"wp:term":[{"taxonomy":"category","embeddable":true,"href":"https:\/\/www.wir-in-winden.de\/index.php?rest_route=%2Fwp%2Fv2%2Fcategories&post=3227"},{"taxonomy":"post_tag","embeddable":true,"href":"https:\/\/www.wir-in-winden.de\/index.php?rest_route=%2Fwp%2Fv2%2Ftags&post=3227"}],"curies":[{"name":"wp","href":"https:\/\/api.w.org\/{rel}","templated":true}]}}