{"id":3224,"date":"2011-12-20T08:39:27","date_gmt":"2011-12-20T06:39:27","guid":{"rendered":"http:\/\/www.wir-in-winden.de\/?p=3224"},"modified":"2011-12-20T08:39:27","modified_gmt":"2011-12-20T06:39:27","slug":"daniel-linscheid-bleibt-windener-schutzenkonig","status":"publish","type":"post","link":"https:\/\/www.wir-in-winden.de\/?p=3224","title":{"rendered":"Daniel Linscheid bleibt Windener Sch\u00fctzenk\u00f6nig"},"content":{"rendered":"<div id=\"attachment_3225\" style=\"width: 513px\" class=\"wp-caption alignnone\"><a href=\"http:\/\/www.wir-in-winden.de\/wp-content\/uploads\/2011\/12\/Sch\u00fctzenwinden.jpg\"><img loading=\"lazy\" decoding=\"async\" aria-describedby=\"caption-attachment-3225\" class=\"size-full wp-image-3225\" title=\"Sch\u00fctzenwinden\" src=\"http:\/\/www.wir-in-winden.de\/wp-content\/uploads\/2011\/12\/Sch\u00fctzenwinden.jpg\" alt=\"\" width=\"503\" height=\"293\" srcset=\"https:\/\/www.wir-in-winden.de\/wp-content\/uploads\/2011\/12\/Sch\u00fctzenwinden.jpg 819w, https:\/\/www.wir-in-winden.de\/wp-content\/uploads\/2011\/12\/Sch\u00fctzenwinden-300x175.jpg 300w\" sizes=\"auto, (max-width: 503px) 100vw, 503px\" \/><\/a><p id=\"caption-attachment-3225\" class=\"wp-caption-text\"><em>Die Sch\u00fctzenjugend mit dem Ersten Vorsitzenden Michel Eifler.<\/em><\/p><\/div>\n<p><strong>Daniel Linscheid<\/strong> ist der alte und neue Sch\u00fctzenk\u00f6nig von Winden. Das Rennen um die K\u00f6nigsw\u00fcrde der Sch\u00fctzengesellschaft 1960 gestaltete sich spannend wie selten, erwies sich der Vogel dieses Mal doch als besonders z\u00e4h und langlebig. Mehr als 600 Schuss von 22 Sch\u00fctzinnen und Sch\u00fctzen auf den Sperrholzvogel waren notwendig, bevor Daniel Linscheid den finalen Schuss abgab, der den Vogel schlie\u00dflich zur Strecke brachte. Um 3.10 Uhr am fr\u00fchen Morgen stand er somit als neuer Regent der Sch\u00fctzen fest. Zuvor hatten die Jugendlichen ihre Majest\u00e4ten ermittelt. Jugend-Sch\u00fctzenk\u00f6nigin wurde <strong>Hannah Heller<\/strong>, ihr zur Seite stehen als &#8222;Ritter&#8220;  <strong>Verena M\u00fcller, Michelle Jordan und Tobias Handwerker<\/strong>. F\u00fcr das leibliche Wohl von Sch\u00fctzen und G\u00e4sten hatten die Organisatoren des K\u00f6nigsschie\u00dfens bestens gesorgt: Es gab selbst gegrillten Spie\u00dfbraten und bayerisches Oktoberfestbier. Mit der Beteiligung an dem allj\u00e4hrlichen K\u00f6nigsschie\u00dfen zeigten sich die Sch\u00fctzen zufrieden.<\/p>\n","protected":false},"excerpt":{"rendered":"<p>Daniel Linscheid ist der alte und neue Sch\u00fctzenk\u00f6nig von Winden. Das Rennen um die K\u00f6nigsw\u00fcrde der Sch\u00fctzengesellschaft 1960 gestaltete sich spannend wie selten, erwies sich der Vogel dieses Mal doch als besonders z\u00e4h und langlebig. Mehr als 600 Schuss von 22 Sch\u00fctzinnen und Sch\u00fctzen auf den Sperrholzvogel waren notwendig, bevor Daniel Linscheid den finalen Schuss [&hellip;]<\/p>\n","protected":false},"author":1,"featured_media":0,"comment_status":"open","ping_status":"open","sticky":false,"template":"","format":"standard","meta":{"footnotes":""},"categories":[20],"tags":[],"class_list":["post-3224","post","type-post","status-publish","format-standard","hentry","category-schutzengesellschaft"],"_links":{"self":[{"href":"https:\/\/www.wir-in-winden.de\/index.php?rest_route=\/wp\/v2\/posts\/3224","targetHints":{"allow":["GET"]}}],"collection":[{"href":"https:\/\/www.wir-in-winden.de\/index.php?rest_route=\/wp\/v2\/posts"}],"about":[{"href":"https:\/\/www.wir-in-winden.de\/index.php?rest_route=\/wp\/v2\/types\/post"}],"author":[{"embeddable":true,"href":"https:\/\/www.wir-in-winden.de\/index.php?rest_route=\/wp\/v2\/users\/1"}],"replies":[{"embeddable":true,"href":"https:\/\/www.wir-in-winden.de\/index.php?rest_route=%2Fwp%2Fv2%2Fcomments&post=3224"}],"version-history":[{"count":1,"href":"https:\/\/www.wir-in-winden.de\/index.php?rest_route=\/wp\/v2\/posts\/3224\/revisions"}],"predecessor-version":[{"id":3226,"href":"https:\/\/www.wir-in-winden.de\/index.php?rest_route=\/wp\/v2\/posts\/3224\/revisions\/3226"}],"wp:attachment":[{"href":"https:\/\/www.wir-in-winden.de\/index.php?rest_route=%2Fwp%2Fv2%2Fmedia&parent=3224"}],"wp:term":[{"taxonomy":"category","embeddable":true,"href":"https:\/\/www.wir-in-winden.de\/index.php?rest_route=%2Fwp%2Fv2%2Fcategories&post=3224"},{"taxonomy":"post_tag","embeddable":true,"href":"https:\/\/www.wir-in-winden.de\/index.php?rest_route=%2Fwp%2Fv2%2Ftags&post=3224"}],"curies":[{"name":"wp","href":"https:\/\/api.w.org\/{rel}","templated":true}]}}